{"id":3176,"date":"2023-05-26T15:47:00","date_gmt":"2023-05-26T14:47:00","guid":{"rendered":"https:\/\/www.graesslin-kunststoffe.de\/?p=3176"},"modified":"2025-05-19T14:02:28","modified_gmt":"2025-05-19T12:02:28","slug":"graesslin-technologie-tag-2023","status":"publish","type":"post","link":"https:\/\/www.graesslin-kunststoffe.de\/graesslin-technologie-tag-2023\/","title":{"rendered":"Gr\u00e4sslin Technologie Tag 2023"},"content":{"rendered":"\n<div class=\"wp-block-group alignfull has-transparent-background-color has-background has-global-padding is-layout-constrained wp-container-core-group-is-layout-94cc6a08 wp-block-group-is-layout-constrained gs_JCWSLr group_wrap\" style=\"margin-top:0;padding-top:0;padding-right:0;padding-left:0\"><div  class=\"gs_wvTjbX alignwide\">\n<div class=\"wp-block-columns alignwide is-layout-flex wp-container-core-columns-is-layout-5016e1a0 wp-block-columns-is-layout-flex\">\n<div class=\"wp-block-column col-12 col-sm-12 col-md-7 col-lg-7 order-0 order-sm-0 order-md-0 order-lg-0 is-layout-flow wp-block-column-is-layout-flow\">\n<div class=\"wp-block-group has-global-padding is-content-justification-left is-layout-constrained wp-container-core-group-is-layout-0164f456 wp-block-group-is-layout-constrained gs_r0bnkj group_wrap\" style=\"padding-top:0;padding-bottom:0\">\n<h2 class=\"wp-block-heading\">We are [n]on Fire \u2013 Flammschutz und Nachhaltigkeit im Fokus<\/h2>\n\n\n\n<p>Zur\u00fcck aus der Pandemiepause. Mit impulsgebenden Kurzvortr\u00e4gen und spannenden Gespr\u00e4chsthemen setzt Gr\u00e4sslin Kunststofftechnik am Donnerstag, 29. Juni 2023 eine gute Tradition fort: den Gr\u00e4sslin Technologie Tag f\u00fcr Partner und Kunden am Standort S\u00fcd in Villingen-Schwenningen. Ein Fokus liegt auf dem nicht nur f\u00fcr Zukunftstechnologien wie E-Mobilit\u00e4t und Akkutechnik wichtigen Thema Flammschutz und Nachhaltigkeit.<\/p>\n\n\n\n<p>Unter dem Motto \u201eWe are [n]on Fire\u201c pr\u00e4sentiert Gr\u00e4sslin Kunststofftechnik sein breites Portfolio flammgesch\u00fctzter Compounds f\u00fcr richtungsweisende Kunststoffl\u00f6sungen und Anwendungen in allen Industrien. Die Einladungen sind verschickt, Kunden, Partner und Freunde k\u00f6nnen sich <a href=\"https:\/\/www.graesslin-kunststoffe.de\/anmeldung\/\"><mark style=\"background-color:rgba(0, 0, 0, 0)\" class=\"has-inline-color has-primary-color\">hier anmelden<\/mark><\/a>.<\/p>\n\n\n\n<p>Insgesamt 32 nationale und internationale Rohstoffhersteller, Kunststoffverarbeiter, Systemlieferanten, OEMs und Peripherieger\u00e4tehersteller pr\u00e4sentieren Neuentwicklungen und innovative Kunststoffe f\u00fcr Produkte und Branchen der Zukunft. Dazu kommen elf Vortr\u00e4ge zu spannenden Themen aus zahlreichen Branche.<\/p>\n\n\n\n<h3 class=\"wp-block-heading\">Vortr\u00e4ge Gr\u00e4sslin Technologie Tag 2023<\/h3>\n\n\n\n<p><strong><mark style=\"background-color:rgba(0, 0, 0, 0)\" class=\"has-inline-color has-primary-color\">Wirtschaftliche Automation in der Kunststoffindustrie<\/mark><\/strong> \u2013IIoT-ready<br>(EGS Automation GmbH, Heiko R\u00f6hrig)<\/p>\n\n\n\n<p><strong><mark style=\"background-color:rgba(0, 0, 0, 0)\" class=\"has-inline-color has-primary-color\">Modernste Technologien<\/mark><\/strong> \u2013 f\u00fcr eine nachhaltige Produktion von Kunststoffteilen<br>(ENGEL Deutschland, Claus Wilde)<\/p>\n\n\n\n<p><strong><mark style=\"background-color:rgba(0, 0, 0, 0)\" class=\"has-inline-color has-primary-color\">Spritzgie\u00dfen 2025<\/mark><\/strong> \u2013 Was auf den Verarbeiter und Werkzeugbauer zukommt<br>(Kunststoff-Institut S\u00fcdwest, Marius Fedler)<\/p>\n\n\n\n<p><strong><mark style=\"background-color:rgba(0, 0, 0, 0)\" class=\"has-inline-color has-primary-color\">E+E und E-Mobility<\/mark><\/strong> \u2013 Moderne Compounds f\u00fcr Innovative Produkte<br>(SAX Polymers, Peter Ruhland)<\/p>\n\n\n\n<p><strong><mark style=\"background-color:rgba(0, 0, 0, 0)\" class=\"has-inline-color has-primary-color\">Feuer Frei mit PEEK <\/mark><\/strong>\u2013 Das Schweizer Messer f\u00fcr zuk\u00fcnftige Mobilit\u00e4tsanforderungen<br>(Victrex Europa GmbH, Uwe Koch-Reuss)<\/p>\n\n\n\n<p><strong><mark style=\"background-color:rgba(0, 0, 0, 0)\" class=\"has-inline-color has-primary-color\">Sustainable Solutions<\/mark><\/strong> \u2013 ECO-Friendly Compounds<br>(Epsan Deutschland, Tobias Eckhardt)<\/p>\n\n\n\n<p><strong><mark style=\"background-color:rgba(0, 0, 0, 0)\" class=\"has-inline-color has-primary-color\">Feuer und Flamme f\u00fcr Compounds<\/mark><\/strong> \u2013 Electric 7 Electronics \/ Energy solutions by Mitsubishi Chemical Group (Mitsubishi Chemical Europe GmbH, Elisabeth Michaelis),<\/p>\n\n\n\n<p><strong><mark style=\"background-color:rgba(0, 0, 0, 0)\" class=\"has-inline-color has-primary-color\">Flammschutz und Nachhaltigkeit<\/mark><\/strong> \u2013 Neueste Entwicklung auf Basis nachhaltiger Flammschutz Polymere (SABIC Specialties, Julien Cathelin)<\/p>\n\n\n\n<p><strong><mark style=\"background-color:rgba(0, 0, 0, 0)\" class=\"has-inline-color has-primary-color\">Alle Q-Daten im Blick <\/mark><\/strong>\u2013 BabtecQ die Software f\u00fcr Qualit\u00e4t \u2013 Kontinuierlich besser werden durch digitalisierte Q-Prozesse (Closed Loop mit BabtecQ)<\/p>\n\n\n\n<p><strong><mark style=\"background-color:rgba(0, 0, 0, 0)\" class=\"has-inline-color has-primary-color\">Der Konkurrenz einen Schritt voraus<\/mark><\/strong> \u2013 Der Injection Molding Guide!<br>(KKT Kunststoff Kompetenz Team, Holger Weisser)<\/p>\n\n\n\n<p><strong><mark style=\"background-color:rgba(0, 0, 0, 0)\" class=\"has-inline-color has-primary-color\">ArburgGREENworld<\/mark><\/strong> \u2013 Strategien zur Ressourcenschonung und CO2 Effizienz im Maschinenbau (ARBURG GmbH + Co KG, Samira Uharek)<\/p>\n<\/div>\n<\/div>\n\n\n\n<div class=\"wp-block-column col-12 col-sm-auto col-lg-auto order-2 order-sm-2 order-md-2 order-lg-2 is-layout-flow wp-block-column-is-layout-flow\">\n<figure class=\"wp-block-image size-full has-custom-border\"><img loading=\"lazy\" decoding=\"async\" width=\"1200\" height=\"310\" src=\"https:\/\/wpms.plastoplan.com\/graesslin\/wp-content\/uploads\/sites\/5\/2023\/05\/230526-graesslin-technologietag-logos.png\" alt=\"\" class=\"wp-image-6306\" style=\"border-radius:20px\" srcset=\"https:\/\/www.graesslin-kunststoffe.de\/wp-content\/uploads\/sites\/5\/2023\/05\/230526-graesslin-technologietag-logos.png 1200w, https:\/\/www.graesslin-kunststoffe.de\/wp-content\/uploads\/sites\/5\/2023\/05\/230526-graesslin-technologietag-logos-300x78.png 300w, https:\/\/www.graesslin-kunststoffe.de\/wp-content\/uploads\/sites\/5\/2023\/05\/230526-graesslin-technologietag-logos-1024x265.png 1024w, https:\/\/www.graesslin-kunststoffe.de\/wp-content\/uploads\/sites\/5\/2023\/05\/230526-graesslin-technologietag-logos-768x198.png 768w\" sizes=\"auto, (max-width: 1200px) 100vw, 1200px\" \/><\/figure>\n<\/div>\n<\/div>\n<\/div><\/div>\n","protected":false},"excerpt":{"rendered":"<p>We are [n]on Fire \u2013 Flammschutz und Nachhaltigkeit im Fokus Zur\u00fcck aus der Pandemiepause. Mit impulsgebenden Kurzvortr\u00e4gen und spannenden Gespr\u00e4chsthemen setzt Gr\u00e4sslin Kunststofftechnik am Donnerstag, 29. Juni 2023 eine gute Tradition fort: den Gr\u00e4sslin Technologie Tag f\u00fcr Partner und Kunden am Standort S\u00fcd in Villingen-Schwenningen. Ein Fokus liegt auf dem nicht nur f\u00fcr Zukunftstechnologien wie [\u2026]<\/p>\n","protected":false},"author":3,"featured_media":6306,"comment_status":"closed","ping_status":"closed","sticky":false,"template":"","format":"standard","meta":{"greyd_block_editor_preview":[],"footnotes":""},"categories":[31],"tags":[],"class_list":["post-3176","post","type-post","status-publish","format-standard","has-post-thumbnail","hentry","category-news"],"featured_media_global":[],"_links":{"self":[{"href":"https:\/\/www.graesslin-kunststoffe.de\/wp-json\/wp\/v2\/posts\/3176","targetHints":{"allow":["GET"]}}],"collection":[{"href":"https:\/\/www.graesslin-kunststoffe.de\/wp-json\/wp\/v2\/posts"}],"about":[{"href":"https:\/\/www.graesslin-kunststoffe.de\/wp-json\/wp\/v2\/types\/post"}],"author":[{"embeddable":true,"href":"https:\/\/www.graesslin-kunststoffe.de\/wp-json\/wp\/v2\/users\/3"}],"replies":[{"embeddable":true,"href":"https:\/\/www.graesslin-kunststoffe.de\/wp-json\/wp\/v2\/comments?post=3176"}],"version-history":[{"count":1,"href":"https:\/\/www.graesslin-kunststoffe.de\/wp-json\/wp\/v2\/posts\/3176\/revisions"}],"predecessor-version":[{"id":6308,"href":"https:\/\/www.graesslin-kunststoffe.de\/wp-json\/wp\/v2\/posts\/3176\/revisions\/6308"}],"wp:featuredmedia":[{"embeddable":true,"href":"https:\/\/www.graesslin-kunststoffe.de\/wp-json\/wp\/v2\/media\/6306"}],"wp:attachment":[{"href":"https:\/\/www.graesslin-kunststoffe.de\/wp-json\/wp\/v2\/media?parent=3176"}],"wp:term":[{"taxonomy":"category","embeddable":true,"href":"https:\/\/www.graesslin-kunststoffe.de\/wp-json\/wp\/v2\/categories?post=3176"},{"taxonomy":"post_tag","embeddable":true,"href":"https:\/\/www.graesslin-kunststoffe.de\/wp-json\/wp\/v2\/tags?post=3176"}],"curies":[{"name":"wp","href":"https:\/\/api.w.org\/{rel}","templated":true}]}}