{"id":3195,"date":"2023-08-08T16:01:00","date_gmt":"2023-08-08T15:01:00","guid":{"rendered":"https:\/\/www.graesslin-kunststoffe.de\/?p=3195"},"modified":"2025-05-19T14:03:22","modified_gmt":"2025-05-19T12:03:22","slug":"wir-bleiben-non-fire","status":"publish","type":"post","link":"https:\/\/www.graesslin-kunststoffe.de\/wir-bleiben-non-fire\/","title":{"rendered":"Wir bleiben [n]on fire!"},"content":{"rendered":"\n<div class=\"wp-block-group alignfull has-transparent-background-color has-background has-global-padding is-layout-constrained wp-container-core-group-is-layout-94cc6a08 wp-block-group-is-layout-constrained gs_uZiB1i group_wrap\" style=\"margin-top:0;padding-top:0;padding-right:0;padding-left:0\"><div  class=\"gs_A28nZL alignwide\">\n<div class=\"wp-block-columns alignwide is-layout-flex wp-container-core-columns-is-layout-5016e1a0 wp-block-columns-is-layout-flex\">\n<div class=\"wp-block-column col-12 col-sm-12 col-md-7 col-lg-7 order-0 order-sm-0 order-md-0 order-lg-0 is-layout-flow wp-block-column-is-layout-flow\">\n<div class=\"wp-block-group has-global-padding is-content-justification-left is-layout-constrained wp-container-core-group-is-layout-0164f456 wp-block-group-is-layout-constrained gs_iMgiub group_wrap\" style=\"padding-top:0;padding-bottom:0\">\n<h2 class=\"wp-block-heading\">Das war der Gr\u00e4sslin Technologie Tag 2023<\/h2>\n\n\n\n<p>Der Gr\u00e4sslin Technologie Tag am Standort S\u00fcd in Villingen-Schwenningen bot Partnern und Kunden eine ideale Plattform f\u00fcr gute Gespr\u00e4che, neue Impulse und Kontaktpflege.<\/p>\n\n\n\n<figure class=\"wp-block-embed is-type-video is-provider-youtube wp-block-embed-youtube wp-embed-aspect-16-9 wp-has-aspect-ratio\"><div class=\"wp-block-embed__wrapper\">\n <div class=\"brlbs-cmpnt-container brlbs-cmpnt-content-blocker brlbs-cmpnt-with-individual-styles\" data-borlabs-cookie-content-blocker-id=\"default\" data-borlabs-cookie-content=\"PGlmcmFtZSB0aXRsZT0iR1LDhFNTTElOIFPDnEQgLSBUZWNobm9sb2dpZSBUYWcgLSAyOS4wNi4yMDIzIiB3aWR0aD0iNTAwIiBoZWlnaHQ9IjI4MSIgc3JjPSJodHRwczovL3d3dy55b3V0dWJlLmNvbS9lbWJlZC8yTmNiNE9OZVlhST9mZWF0dXJlPW9lbWJlZCIgZnJhbWVib3JkZXI9IjAiIGFsbG93PSJhY2NlbGVyb21ldGVyOyBhdXRvcGxheTsgY2xpcGJvYXJkLXdyaXRlOyBlbmNyeXB0ZWQtbWVkaWE7IGd5cm9zY29wZTsgcGljdHVyZS1pbi1waWN0dXJlOyB3ZWItc2hhcmUiIHJlZmVycmVycG9saWN5PSJzdHJpY3Qtb3JpZ2luLXdoZW4tY3Jvc3Mtb3JpZ2luIiBhbGxvd2Z1bGxzY3JlZW4+PC9pZnJhbWU+\"><div class=\"brlbs-cmpnt-cb-preset-a\"> <p class=\"brlbs-cmpnt-cb-description\">Sie sehen gerade einen Platzhalterinhalt von <strong>Standard<\/strong>. Um auf den eigentlichen Inhalt zuzugreifen, klicken Sie auf den Button unten. Bitte beachten Sie, dass dabei Daten an Drittanbieter weitergegeben werden.<\/p> <div class=\"brlbs-cmpnt-cb-buttons\"> <a class=\"brlbs-cmpnt-cb-btn\" href=\"#\" data-borlabs-cookie-unblock role=\"button\">Inhalt entsperren<\/a> <a class=\"brlbs-cmpnt-cb-btn\" href=\"#\" data-borlabs-cookie-accept-service role=\"button\" style=\"display: none\">Erforderlichen Service akzeptieren und Inhalte entsperren<\/a> <\/div> <a class=\"brlbs-cmpnt-cb-provider-toggle\" href=\"#\" data-borlabs-cookie-show-provider-information role=\"button\">Weitere Informationen<\/a> <\/div><\/div>\n<\/div><\/figure>\n\n\n\n<p>Der Gr\u00e4sslin Technologie Tag am Standort S\u00fcd in Villingen-Schwenningen bot Partnern<br>und Kunden eine ideale Plattform f\u00fcr gute Gespr\u00e4che, neue Impulse und Kontaktpflege rund um das Thema Kunststoffe und Kunststoffl\u00f6sungen. Unter dem Motto \u201eWe are [n]on Fire\u201c richtete Netzwerktreffen der Branche den Fokus dabei diesmal auf das nicht nur f\u00fcr Zukunftstechnologien wie E-Mobilit\u00e4t wichtigen Thema Flammschutz und Nachhaltigkeit. Gr\u00e4sslin Kunststofftechnik pr\u00e4sentierte sein breites Portfolio flammgesch\u00fctzter Compounds f\u00fcr richtungsweisende Kunststoffl\u00f6sungen und Anwendungen in allen Industrien.<\/p>\n\n\n\n<p>\u00dcber 300 Besucherinnen und Besucher waren dabei, als insgesamt 32 nationale und internationale Rohstoffhersteller, Kunststoffverarbeiter, Systemlieferanten, OEMs und Peripherieger\u00e4tehersteller Neuentwicklungen und innovative Kunststoffe f\u00fcr Produkte und Branchen der Zukunft pr\u00e4sentierten.<\/p>\n<\/div>\n<\/div>\n\n\n\n<div class=\"wp-block-column col-12 col-sm-auto col-lg-auto order-2 order-sm-2 order-md-2 order-lg-2 is-layout-flow wp-block-column-is-layout-flow\"><\/div>\n<\/div>\n<\/div><\/div>\n\n\n\n<p><\/p>\n\n\n\n<figure class=\"wp-block-gallery has-nested-images columns-4 is-cropped wp-block-gallery-1 is-layout-flex wp-block-gallery-is-layout-flex\">\n<figure class=\"wp-block-image size-large\"><img loading=\"lazy\" decoding=\"async\" width=\"550\" height=\"550\" data-id=\"6299\" src=\"https:\/\/wpms.plastoplan.com\/graesslin\/wp-content\/uploads\/sites\/5\/2023\/08\/2023-graesslin-techday-4.jpg\" alt=\"\" class=\"wp-image-6299\" srcset=\"https:\/\/www.graesslin-kunststoffe.de\/wp-content\/uploads\/sites\/5\/2023\/08\/2023-graesslin-techday-4.jpg 550w, https:\/\/www.graesslin-kunststoffe.de\/wp-content\/uploads\/sites\/5\/2023\/08\/2023-graesslin-techday-4-300x300.jpg 300w, https:\/\/www.graesslin-kunststoffe.de\/wp-content\/uploads\/sites\/5\/2023\/08\/2023-graesslin-techday-4-150x150.jpg 150w\" sizes=\"auto, (max-width: 550px) 100vw, 550px\" \/><\/figure>\n\n\n\n<figure class=\"wp-block-image size-large\"><img loading=\"lazy\" decoding=\"async\" width=\"550\" height=\"550\" data-id=\"6301\" src=\"https:\/\/wpms.plastoplan.com\/graesslin\/wp-content\/uploads\/sites\/5\/2023\/08\/2023-graesslin-techday-59.jpg\" alt=\"\" class=\"wp-image-6301\" srcset=\"https:\/\/www.graesslin-kunststoffe.de\/wp-content\/uploads\/sites\/5\/2023\/08\/2023-graesslin-techday-59.jpg 550w, https:\/\/www.graesslin-kunststoffe.de\/wp-content\/uploads\/sites\/5\/2023\/08\/2023-graesslin-techday-59-300x300.jpg 300w, https:\/\/www.graesslin-kunststoffe.de\/wp-content\/uploads\/sites\/5\/2023\/08\/2023-graesslin-techday-59-150x150.jpg 150w\" sizes=\"auto, (max-width: 550px) 100vw, 550px\" \/><\/figure>\n\n\n\n<figure class=\"wp-block-image size-large\"><img loading=\"lazy\" decoding=\"async\" width=\"550\" height=\"550\" data-id=\"6300\" src=\"https:\/\/wpms.plastoplan.com\/graesslin\/wp-content\/uploads\/sites\/5\/2023\/08\/2023-graesslin-techday-56.jpg\" alt=\"\" class=\"wp-image-6300\" srcset=\"https:\/\/www.graesslin-kunststoffe.de\/wp-content\/uploads\/sites\/5\/2023\/08\/2023-graesslin-techday-56.jpg 550w, https:\/\/www.graesslin-kunststoffe.de\/wp-content\/uploads\/sites\/5\/2023\/08\/2023-graesslin-techday-56-300x300.jpg 300w, https:\/\/www.graesslin-kunststoffe.de\/wp-content\/uploads\/sites\/5\/2023\/08\/2023-graesslin-techday-56-150x150.jpg 150w\" sizes=\"auto, (max-width: 550px) 100vw, 550px\" \/><\/figure>\n\n\n\n<figure class=\"wp-block-image size-large\"><img loading=\"lazy\" decoding=\"async\" width=\"550\" height=\"550\" data-id=\"6298\" src=\"https:\/\/wpms.plastoplan.com\/graesslin\/wp-content\/uploads\/sites\/5\/2023\/08\/2023-graesslin-techday-5.jpg\" alt=\"\" class=\"wp-image-6298\" srcset=\"https:\/\/www.graesslin-kunststoffe.de\/wp-content\/uploads\/sites\/5\/2023\/08\/2023-graesslin-techday-5.jpg 550w, https:\/\/www.graesslin-kunststoffe.de\/wp-content\/uploads\/sites\/5\/2023\/08\/2023-graesslin-techday-5-300x300.jpg 300w, https:\/\/www.graesslin-kunststoffe.de\/wp-content\/uploads\/sites\/5\/2023\/08\/2023-graesslin-techday-5-150x150.jpg 150w\" sizes=\"auto, (max-width: 550px) 100vw, 550px\" \/><\/figure>\n<\/figure>\n","protected":false},"excerpt":{"rendered":"<p>Das war der Gr\u00e4sslin Technologie Tag 2023 Der Gr\u00e4sslin Technologie Tag am Standort S\u00fcd in Villingen-Schwenningen bot Partnern und Kunden eine ideale Plattform f\u00fcr gute Gespr\u00e4che, neue Impulse und Kontaktpflege. Der Gr\u00e4sslin Technologie Tag am Standort S\u00fcd in Villingen-Schwenningen bot Partnern und Kunden eine ideale Plattform f\u00fcr gute Gespr\u00e4che, neue Impulse und Kontaktpflege rund um [\u2026]<\/p>\n","protected":false},"author":3,"featured_media":6313,"comment_status":"closed","ping_status":"closed","sticky":false,"template":"","format":"standard","meta":{"greyd_block_editor_preview":[],"footnotes":""},"categories":[31],"tags":[],"class_list":["post-3195","post","type-post","status-publish","format-standard","has-post-thumbnail","hentry","category-news"],"featured_media_global":[],"_links":{"self":[{"href":"https:\/\/www.graesslin-kunststoffe.de\/wp-json\/wp\/v2\/posts\/3195","targetHints":{"allow":["GET"]}}],"collection":[{"href":"https:\/\/www.graesslin-kunststoffe.de\/wp-json\/wp\/v2\/posts"}],"about":[{"href":"https:\/\/www.graesslin-kunststoffe.de\/wp-json\/wp\/v2\/types\/post"}],"author":[{"embeddable":true,"href":"https:\/\/www.graesslin-kunststoffe.de\/wp-json\/wp\/v2\/users\/3"}],"replies":[{"embeddable":true,"href":"https:\/\/www.graesslin-kunststoffe.de\/wp-json\/wp\/v2\/comments?post=3195"}],"version-history":[{"count":1,"href":"https:\/\/www.graesslin-kunststoffe.de\/wp-json\/wp\/v2\/posts\/3195\/revisions"}],"predecessor-version":[{"id":6302,"href":"https:\/\/www.graesslin-kunststoffe.de\/wp-json\/wp\/v2\/posts\/3195\/revisions\/6302"}],"wp:featuredmedia":[{"embeddable":true,"href":"https:\/\/www.graesslin-kunststoffe.de\/wp-json\/wp\/v2\/media\/6313"}],"wp:attachment":[{"href":"https:\/\/www.graesslin-kunststoffe.de\/wp-json\/wp\/v2\/media?parent=3195"}],"wp:term":[{"taxonomy":"category","embeddable":true,"href":"https:\/\/www.graesslin-kunststoffe.de\/wp-json\/wp\/v2\/categories?post=3195"},{"taxonomy":"post_tag","embeddable":true,"href":"https:\/\/www.graesslin-kunststoffe.de\/wp-json\/wp\/v2\/tags?post=3195"}],"curies":[{"name":"wp","href":"https:\/\/api.w.org\/{rel}","templated":true}]}}