{"id":3321,"date":"2023-11-01T20:48:00","date_gmt":"2023-11-01T19:48:00","guid":{"rendered":"https:\/\/www.graesslin-kunststoffe.de\/?p=3321"},"modified":"2025-05-19T13:39:29","modified_gmt":"2025-05-19T11:39:29","slug":"fakuma-2023-ein-voller-erfolg","status":"publish","type":"post","link":"https:\/\/www.graesslin-kunststoffe.de\/fakuma-2023-ein-voller-erfolg\/","title":{"rendered":"FAKUMA 2023 ein voller Erfolg"},"content":{"rendered":"\n<div class=\"wp-block-group alignfull has-transparent-background-color has-background has-global-padding is-layout-constrained wp-container-core-group-is-layout-94cc6a08 wp-block-group-is-layout-constrained gs_ubRGyt group_wrap\" style=\"margin-top:0;padding-top:0;padding-right:0;padding-left:0\"><div  class=\"gs_E4OM2r alignwide\">\n<div class=\"wp-block-columns alignwide is-layout-flex wp-container-core-columns-is-layout-5016e1a0 wp-block-columns-is-layout-flex\">\n<div class=\"wp-block-column col-12 col-sm-12 col-md-7 col-lg-7 order-0 order-sm-0 order-md-0 order-lg-0 is-layout-flow wp-block-column-is-layout-flow\">\n<div class=\"wp-block-group has-global-padding is-content-justification-left is-layout-constrained wp-container-core-group-is-layout-0164f456 wp-block-group-is-layout-constrained gs_mWsRgC group_wrap\" style=\"padding-top:0;padding-bottom:0\">\n<h2 class=\"wp-block-heading\">Wir haben \u201eFire\u201c-Abend und sagen Danke!<\/h2>\n\n\n\n<p>5 Tage \u201eWe are (n)on fire!\u201c. 5 Tage Feuer und Flamme f\u00fcr\u00a0<strong>ECO-Flammschutz<\/strong>. 5 Tage spannende Gespr\u00e4che \u00fcber hochwertige Kunststoffl\u00f6sungen f\u00fcr Zukunftstechnologien. Die Stimmung war gut und die\u00a0<strong>FAKUMA 2023<\/strong>\u00a0in Friedrichshafen ein voller Erfolg, wie unser Video-R\u00fcckblick auf die diesj\u00e4hrige Kunststoffmesse noch einmal eindrucksvoll zeigt.<\/p>\n\n\n\n<figure class=\"wp-block-embed is-type-video is-provider-youtube wp-block-embed-youtube wp-embed-aspect-16-9 wp-has-aspect-ratio\"><div class=\"wp-block-embed__wrapper\">\n <div class=\"brlbs-cmpnt-container brlbs-cmpnt-content-blocker brlbs-cmpnt-with-individual-styles\" data-borlabs-cookie-content-blocker-id=\"default\" data-borlabs-cookie-content=\"PGlmcmFtZSB0aXRsZT0iSHJvbWF0a2EgR3JvdXAgLSBGQUtVTUEgMjAyMyAtIFdFIEFSRSBbTl1PTiBGSVJFISIgd2lkdGg9IjUwMCIgaGVpZ2h0PSIyODEiIHNyYz0iaHR0cHM6Ly93d3cueW91dHViZS5jb20vZW1iZWQvMUdkRXd6RDl1djQ\/ZmVhdHVyZT1vZW1iZWQiIGZyYW1lYm9yZGVyPSIwIiBhbGxvdz0iYWNjZWxlcm9tZXRlcjsgYXV0b3BsYXk7IGNsaXBib2FyZC13cml0ZTsgZW5jcnlwdGVkLW1lZGlhOyBneXJvc2NvcGU7IHBpY3R1cmUtaW4tcGljdHVyZTsgd2ViLXNoYXJlIiByZWZlcnJlcnBvbGljeT0ic3RyaWN0LW9yaWdpbi13aGVuLWNyb3NzLW9yaWdpbiIgYWxsb3dmdWxsc2NyZWVuPjwvaWZyYW1lPg==\"><div class=\"brlbs-cmpnt-cb-preset-a\"> <p class=\"brlbs-cmpnt-cb-description\">Sie sehen gerade einen Platzhalterinhalt von <strong>Standard<\/strong>. Um auf den eigentlichen Inhalt zuzugreifen, klicken Sie auf den Button unten. Bitte beachten Sie, dass dabei Daten an Drittanbieter weitergegeben werden.<\/p> <div class=\"brlbs-cmpnt-cb-buttons\"> <a class=\"brlbs-cmpnt-cb-btn\" href=\"#\" data-borlabs-cookie-unblock role=\"button\">Inhalt entsperren<\/a> <a class=\"brlbs-cmpnt-cb-btn\" href=\"#\" data-borlabs-cookie-accept-service role=\"button\" style=\"display: none\">Erforderlichen Service akzeptieren und Inhalte entsperren<\/a> <\/div> <a class=\"brlbs-cmpnt-cb-provider-toggle\" href=\"#\" data-borlabs-cookie-show-provider-information role=\"button\">Weitere Informationen<\/a> <\/div><\/div>\n<\/div><\/figure>\n\n\n\n<p>Ganz im Zeichen unseres Mottos We\u00b4re [n]on fire! Konnten wir auf dem gemeinsamen Messestand der Hromatka-Gruppe mit Plastoplan, Lenorplastics und SAX Polymers zeigen, welche Chancen Flammgesch\u00fctzte Polymere und Compounds f\u00fcr Anwendungen in viele Branchen und Industrien bieten. Denn nicht nur in den aktuell besonders hei\u00df diskutierten Themenkomplexen steigende Sicherheitsanforderungen und neue Entwicklungen in den Bereichen E-Mobilit\u00e4t, Elektronik, Massentransport, Ladeinfrastruktur und Akkutechnik werden Flammschutzmaterialien immer wichtiger.<br><br><strong>Gr\u00e4sslin sagt Danke!<\/strong><\/p>\n\n\n\n<p>Danke an alle, die zur erfolgreichen Messe beigetragen haben. Danke auch an die vielen Besucherinnen und Besucher f\u00fcr die guten Gespr\u00e4che, tollen gemeinsamen Ideen und entspannten Stunden bei unserem \u201eFire\u201c-Abend zum Abschluss eines jeden Messetages. Das positive Feedback vieler Kunden, Lieferanten und Marktbegleiter hat uns sehr gefreut. Wir sehen uns auf der Fakuma 2024 in Friedrichshafen oder nat\u00fcrlich jederzeit gerne \u00fcberall dort, wo Sie uns brauchen. Wir bleiben f\u00fcr Sie (n)on fire!<\/p>\n<\/div>\n<\/div>\n\n\n\n<div class=\"wp-block-column col-12 col-sm-auto col-lg-auto order-2 order-sm-2 order-md-2 order-lg-2 is-layout-flow wp-block-column-is-layout-flow\">\n<figure class=\"wp-block-image size-full has-custom-border\"><img loading=\"lazy\" decoding=\"async\" width=\"1280\" height=\"720\" src=\"https:\/\/wpms.plastoplan.com\/graesslin\/wp-content\/uploads\/sites\/5\/2023\/11\/231108-grk-fakuma-header.jpg\" alt=\"\" class=\"wp-image-6289\" style=\"border-radius:20px\" srcset=\"https:\/\/www.graesslin-kunststoffe.de\/wp-content\/uploads\/sites\/5\/2023\/11\/231108-grk-fakuma-header.jpg 1280w, https:\/\/www.graesslin-kunststoffe.de\/wp-content\/uploads\/sites\/5\/2023\/11\/231108-grk-fakuma-header-300x169.jpg 300w, https:\/\/www.graesslin-kunststoffe.de\/wp-content\/uploads\/sites\/5\/2023\/11\/231108-grk-fakuma-header-1024x576.jpg 1024w, https:\/\/www.graesslin-kunststoffe.de\/wp-content\/uploads\/sites\/5\/2023\/11\/231108-grk-fakuma-header-768x432.jpg 768w\" sizes=\"auto, (max-width: 1280px) 100vw, 1280px\" \/><\/figure>\n<\/div>\n<\/div>\n<\/div><\/div>\n","protected":false},"excerpt":{"rendered":"<p>Wir haben \u201eFire\u201c-Abend und sagen Danke! 5 Tage \u201eWe are (n)on fire!\u201c. 5 Tage Feuer und Flamme f\u00fcr ECO-Flammschutz. 5 Tage spannende Gespr\u00e4che \u00fcber hochwertige Kunststoffl\u00f6sungen f\u00fcr Zukunftstechnologien. Die Stimmung war gut und die FAKUMA 2023 in Friedrichshafen ein voller Erfolg, wie unser Video-R\u00fcckblick auf die diesj\u00e4hrige Kunststoffmesse noch einmal eindrucksvoll zeigt. Ganz im Zeichen [\u2026]<\/p>\n","protected":false},"author":3,"featured_media":6289,"comment_status":"closed","ping_status":"closed","sticky":false,"template":"","format":"standard","meta":{"greyd_block_editor_preview":[],"footnotes":""},"categories":[31],"tags":[],"class_list":["post-3321","post","type-post","status-publish","format-standard","has-post-thumbnail","hentry","category-news"],"featured_media_global":[],"_links":{"self":[{"href":"https:\/\/www.graesslin-kunststoffe.de\/wp-json\/wp\/v2\/posts\/3321","targetHints":{"allow":["GET"]}}],"collection":[{"href":"https:\/\/www.graesslin-kunststoffe.de\/wp-json\/wp\/v2\/posts"}],"about":[{"href":"https:\/\/www.graesslin-kunststoffe.de\/wp-json\/wp\/v2\/types\/post"}],"author":[{"embeddable":true,"href":"https:\/\/www.graesslin-kunststoffe.de\/wp-json\/wp\/v2\/users\/3"}],"replies":[{"embeddable":true,"href":"https:\/\/www.graesslin-kunststoffe.de\/wp-json\/wp\/v2\/comments?post=3321"}],"version-history":[{"count":2,"href":"https:\/\/www.graesslin-kunststoffe.de\/wp-json\/wp\/v2\/posts\/3321\/revisions"}],"predecessor-version":[{"id":6290,"href":"https:\/\/www.graesslin-kunststoffe.de\/wp-json\/wp\/v2\/posts\/3321\/revisions\/6290"}],"wp:featuredmedia":[{"embeddable":true,"href":"https:\/\/www.graesslin-kunststoffe.de\/wp-json\/wp\/v2\/media\/6289"}],"wp:attachment":[{"href":"https:\/\/www.graesslin-kunststoffe.de\/wp-json\/wp\/v2\/media?parent=3321"}],"wp:term":[{"taxonomy":"category","embeddable":true,"href":"https:\/\/www.graesslin-kunststoffe.de\/wp-json\/wp\/v2\/categories?post=3321"},{"taxonomy":"post_tag","embeddable":true,"href":"https:\/\/www.graesslin-kunststoffe.de\/wp-json\/wp\/v2\/tags?post=3321"}],"curies":[{"name":"wp","href":"https:\/\/api.w.org\/{rel}","templated":true}]}}