{"id":3365,"date":"2024-05-29T10:16:00","date_gmt":"2024-05-29T09:16:00","guid":{"rendered":"https:\/\/www.graesslin-kunststoffe.de\/?p=3365"},"modified":"2025-05-19T11:49:09","modified_gmt":"2025-05-19T09:49:09","slug":"biopolymer-kongress-2024","status":"publish","type":"post","link":"https:\/\/www.graesslin-kunststoffe.de\/biopolymer-kongress-2024\/","title":{"rendered":"BIOPOLYMER Kongress 2024"},"content":{"rendered":"\n<div class=\"wp-block-group alignfull has-transparent-background-color has-background has-global-padding is-layout-constrained wp-container-core-group-is-layout-94cc6a08 wp-block-group-is-layout-constrained gs_ScM3Xr group_wrap\" style=\"margin-top:0;padding-top:0;padding-right:0;padding-left:0\"><div  class=\"gs_krsRxJ alignwide\">\n<div class=\"wp-block-columns alignwide is-layout-flex wp-container-core-columns-is-layout-5016e1a0 wp-block-columns-is-layout-flex\">\n<div class=\"wp-block-column col-12 col-sm-12 col-md-7 col-lg-7 order-0 order-sm-0 order-md-0 order-lg-0 is-layout-flow wp-block-column-is-layout-flow\">\n<div class=\"wp-block-group has-global-padding is-content-justification-left is-layout-constrained wp-container-core-group-is-layout-0164f456 wp-block-group-is-layout-constrained gs_zGlUVz group_wrap\" style=\"padding-top:0;padding-bottom:0\">\n<h2 class=\"wp-block-heading\">GR\u00c4SSLIN als Partner beim BIOPOLYMER Kongress 2024<\/h2>\n\n\n\n<p>Wenn es am 11. Juni in Halle (Saale) um die Zukunft der Kunststoffwirtschaft geht, ist GR\u00c4SSLIN Kunststoffe als ein Partner mittendrin. Der internationale Biopolymer Kongresses gibt mit zahlreichen Experten aus der weltweiten Community Antworten auf die Fragen, wie biobasierte und bioabbaubare Kunststoffe die Welt ver\u00e4ndern. Als ein weiteres Highlight wird zum Abschluss des Kongresses im Rahmen einer feierlichen Preisverleihung bereits zum f\u00fcnften Mal der BIOPOLYMER Innovation Award f\u00fcr herausragende Innovationen im Bereich der bioabbaubaren Kunststoffe vergeben. Mit dem Preis zeichnet die F\u00f6rdergemeinschaft POLYKUM (https:\/\/polykum.de\/) wegweisende Produkte und Anwendungen aus biobasierten, biologisch abbaubaren Kunststoffen sowie daf\u00fcr entwickelte Technologien aus.<\/p>\n\n\n\n<p>Alle Interessierten laden wir herzlich ein, Teil dieser Community zu werden. Unter\u00a0<a href=\"https:\/\/biopolymer-congress.polykum.de\/\" target=\"_blank\" rel=\"noopener\">https:\/\/biopolymer-congress.polykum.de<\/a>\u00a0k\u00f6nnen Sie sich Ihr kostenloses Ticket sichern oder sich f\u00fcr den ebenfalls kostenlosen Livestream zum\u00a0<strong><mark style=\"background-color:rgba(0, 0, 0, 0)\" class=\"has-inline-color has-primary-color\">Kongress BIOPOLYMER \u2013 Processing &amp; Moulding 2024<\/mark>\u00a0<\/strong>anmelden.<\/p>\n\n\n\n<p>Der internationale Kongress betrachten die gesamte Wertsch\u00f6pfungskette \u2013 von nat\u00fcrlichen Rohstoffen und Anwendungen bis hin zu innovativen Recyclingl\u00f6sungen und biologischer Abbaubarkeit. Au\u00dferdem werfen wir gemeinsam einen Blick auf neueste technologische Entwicklungen aus \u201eDown Under\u201c und die Biokunststoff-Industrie im diesj\u00e4hrigen\u00a0<strong><mark style=\"background-color:rgba(0, 0, 0, 0)\" class=\"has-inline-color has-primary-color\">Partnerland Australien<\/mark>.\u00a0<\/strong><\/p>\n\n\n\n<p>Hintergrund: Prof. Justin Cooper-White, Dekan der Fakult\u00e4t f\u00fcr Maschinenbau, Architektur und Informationstechnologie (EAIT) der Universit\u00e4t von Queensland im australischen Brisbane, und Peter Putsch, Vorstand der F\u00f6rdergemeinschaft\u00a0<strong><mark style=\"background-color:rgba(0, 0, 0, 0)\" class=\"has-inline-color has-primary-color\">POLYKUM\u00a0<\/mark><\/strong>in Merseburg (Deutschland) und Gesch\u00e4ftsf\u00fchrer unseres Partners f\u00fcr hochwertige Biokunststoffe, Exipnos (Link auf Gr\u00e4sslin Webiste \/ Partner Exipnos) vereinbarten im Juni 2023 eine strategische Zusammenarbeit ihrer Organisationen. gemeinsames Ziel: der\u00a0<strong><mark style=\"background-color:rgba(0, 0, 0, 0)\" class=\"has-inline-color has-primary-color\">Wissens- und Technologietransfe<\/mark>r<\/strong>\u00a0auf dem Gebiet der Biokunststoffe zwischen Unternehmen und Forschungseinrichtungen beider L\u00e4nder zu st\u00e4rken. Die Universit\u00e4t von Queensland ist eines der f\u00fchrenden\u00a0<mark style=\"background-color:rgba(0, 0, 0, 0)\" class=\"has-inline-color has-primary-color\"><strong>Zentren der australischen Biokunststoff-Forschung<\/strong>.<\/mark><\/p>\n\n\n\n<p>Als Referenten beim&nbsp;<strong>Kongress BIOPOLYMER \u2013 Processing &amp; Moulding 2024<\/strong>&nbsp;mit dabei sind:<\/p>\n\n\n\n<p class=\"has-primary-color has-text-color has-link-color wp-elements-e63973c88054942cfde10e80513010e9\"><strong><a href=\"https:\/\/www.linkedin.com\/feed\/update\/urn:li:activity:7184170305483870209\" target=\"_blank\" rel=\"noreferrer noopener\">Yunus Emre Altunay<\/a><\/strong><\/p>\n\n\n\n<p class=\"has-primary-color has-text-color has-link-color wp-elements-2c94f08ae17b38b96f36a031aecb846e\"><strong><a href=\"https:\/\/www.linkedin.com\/feed\/update\/urn:li:activity:7184472267748179968\" target=\"_blank\" rel=\"noreferrer noopener\">Julia Reisser<\/a><\/strong><\/p>\n\n\n\n<p class=\"has-primary-color has-text-color has-link-color wp-elements-a6015e7248fe2cb7421bbfac63318083\"><a href=\"https:\/\/www.linkedin.com\/feed\/update\/urn:li:activity:7185549166884921344\" target=\"_blank\" rel=\"noopener\"><strong>Mirko Renner<\/strong>t<\/a><\/p>\n\n\n\n<p class=\"has-primary-color has-text-color has-link-color wp-elements-d075455dc3b28341685b0f4ca9cb12aa\"><strong><a href=\"https:\/\/www.linkedin.com\/feed\/update\/urn:li:activity:7188479926629453824\" target=\"_blank\" rel=\"noreferrer noopener\">Illia Krasnou<\/a><\/strong><\/p>\n\n\n\n<p class=\"has-primary-color has-text-color has-link-color wp-elements-f8103f6ecac8cdf5f924e266f9a843fe\"><strong><a href=\"https:\/\/www.linkedin.com\/feed\/update\/urn:li:activity:7193559026062774273\" target=\"_blank\" rel=\"noreferrer noopener\">Thomas Michael Koch<\/a><\/strong><\/p>\n\n\n\n<p class=\"has-primary-color has-text-color has-link-color wp-elements-57bb048bd679a99adaec025292684749\"><strong><a href=\"https:\/\/www.linkedin.com\/feed\/update\/urn:li:activity:7194633833520988160\" target=\"_blank\" rel=\"noreferrer noopener\">Bronwyn Laycock<\/a><\/strong><\/p>\n\n\n\n<p class=\"has-primary-color has-text-color has-link-color wp-elements-c7f5cdb48676979973c33ec5d2167b18\"><strong><a href=\"https:\/\/www.linkedin.com\/feed\/update\/urn:li:activity:7198604469939372032\" target=\"_blank\" rel=\"noopener\">Stefanie Celevics<\/a><\/strong><\/p>\n<\/div>\n<\/div>\n\n\n\n<div class=\"wp-block-column col-12 col-sm-auto col-lg-auto order-2 order-sm-2 order-md-2 order-lg-2 is-layout-flow wp-block-column-is-layout-flow\">\n<figure class=\"wp-block-image size-full has-custom-border\"><img loading=\"lazy\" decoding=\"async\" width=\"1200\" height=\"1200\" src=\"https:\/\/wpms.plastoplan.com\/graesslin\/wp-content\/uploads\/sites\/5\/2024\/05\/2024-registernow-ger.jpg\" alt=\"\" class=\"wp-image-6278\" style=\"border-radius:20px\" srcset=\"https:\/\/www.graesslin-kunststoffe.de\/wp-content\/uploads\/sites\/5\/2024\/05\/2024-registernow-ger.jpg 1200w, https:\/\/www.graesslin-kunststoffe.de\/wp-content\/uploads\/sites\/5\/2024\/05\/2024-registernow-ger-300x300.jpg 300w, https:\/\/www.graesslin-kunststoffe.de\/wp-content\/uploads\/sites\/5\/2024\/05\/2024-registernow-ger-1024x1024.jpg 1024w, https:\/\/www.graesslin-kunststoffe.de\/wp-content\/uploads\/sites\/5\/2024\/05\/2024-registernow-ger-150x150.jpg 150w, https:\/\/www.graesslin-kunststoffe.de\/wp-content\/uploads\/sites\/5\/2024\/05\/2024-registernow-ger-768x768.jpg 768w\" sizes=\"auto, (max-width: 1200px) 100vw, 1200px\" \/><\/figure>\n<\/div>\n<\/div>\n<\/div><\/div>\n","protected":false},"excerpt":{"rendered":"<p>GR\u00c4SSLIN als Partner beim BIOPOLYMER Kongress 2024 Wenn es am 11. Juni in Halle (Saale) um die Zukunft der Kunststoffwirtschaft geht, ist GR\u00c4SSLIN Kunststoffe als ein Partner mittendrin. Der internationale Biopolymer Kongresses gibt mit zahlreichen Experten aus der weltweiten Community Antworten auf die Fragen, wie biobasierte und bioabbaubare Kunststoffe die Welt ver\u00e4ndern. Als ein weiteres [\u2026]<\/p>\n","protected":false},"author":3,"featured_media":6278,"comment_status":"closed","ping_status":"closed","sticky":false,"template":"","format":"standard","meta":{"greyd_block_editor_preview":[],"footnotes":""},"categories":[31],"tags":[],"class_list":["post-3365","post","type-post","status-publish","format-standard","has-post-thumbnail","hentry","category-news"],"featured_media_global":[],"_links":{"self":[{"href":"https:\/\/www.graesslin-kunststoffe.de\/wp-json\/wp\/v2\/posts\/3365","targetHints":{"allow":["GET"]}}],"collection":[{"href":"https:\/\/www.graesslin-kunststoffe.de\/wp-json\/wp\/v2\/posts"}],"about":[{"href":"https:\/\/www.graesslin-kunststoffe.de\/wp-json\/wp\/v2\/types\/post"}],"author":[{"embeddable":true,"href":"https:\/\/www.graesslin-kunststoffe.de\/wp-json\/wp\/v2\/users\/3"}],"replies":[{"embeddable":true,"href":"https:\/\/www.graesslin-kunststoffe.de\/wp-json\/wp\/v2\/comments?post=3365"}],"version-history":[{"count":1,"href":"https:\/\/www.graesslin-kunststoffe.de\/wp-json\/wp\/v2\/posts\/3365\/revisions"}],"predecessor-version":[{"id":6279,"href":"https:\/\/www.graesslin-kunststoffe.de\/wp-json\/wp\/v2\/posts\/3365\/revisions\/6279"}],"wp:featuredmedia":[{"embeddable":true,"href":"https:\/\/www.graesslin-kunststoffe.de\/wp-json\/wp\/v2\/media\/6278"}],"wp:attachment":[{"href":"https:\/\/www.graesslin-kunststoffe.de\/wp-json\/wp\/v2\/media?parent=3365"}],"wp:term":[{"taxonomy":"category","embeddable":true,"href":"https:\/\/www.graesslin-kunststoffe.de\/wp-json\/wp\/v2\/categories?post=3365"},{"taxonomy":"post_tag","embeddable":true,"href":"https:\/\/www.graesslin-kunststoffe.de\/wp-json\/wp\/v2\/tags?post=3365"}],"curies":[{"name":"wp","href":"https:\/\/api.w.org\/{rel}","templated":true}]}}