{"id":3375,"date":"2024-06-05T10:22:00","date_gmt":"2024-06-05T09:22:00","guid":{"rendered":"https:\/\/www.graesslin-kunststoffe.de\/?p=3375"},"modified":"2025-05-19T11:43:19","modified_gmt":"2025-05-19T09:43:19","slug":"4-kirchlengerner-kunststoff-forum","status":"publish","type":"post","link":"https:\/\/www.graesslin-kunststoffe.de\/4-kirchlengerner-kunststoff-forum\/","title":{"rendered":"4. Kirchlengerner Kunststoff-Forum"},"content":{"rendered":"\n<div class=\"wp-block-group alignfull has-transparent-background-color has-background has-global-padding is-layout-constrained wp-container-core-group-is-layout-94cc6a08 wp-block-group-is-layout-constrained gs_vfOFma group_wrap\" style=\"margin-top:0;padding-top:0;padding-right:0;padding-left:0\"><div  class=\"gs_cOLeF3 alignwide\">\n<div class=\"wp-block-columns alignwide is-layout-flex wp-container-core-columns-is-layout-5016e1a0 wp-block-columns-is-layout-flex\">\n<div class=\"wp-block-column col-12 col-sm-12 col-md-7 col-lg-7 order-0 order-sm-0 order-md-0 order-lg-0 is-layout-flow wp-block-column-is-layout-flow\">\n<div class=\"wp-block-group has-global-padding is-content-justification-left is-layout-constrained wp-container-core-group-is-layout-0164f456 wp-block-group-is-layout-constrained gs_svkurG group_wrap\" style=\"padding-top:0;padding-bottom:0\">\n<h2 class=\"wp-block-heading\">Mit uns treffen Sie ins Schwarze \u2013 4. Kirchlengerner Kunststoff-Forum am 20. Juni 2024<\/h2>\n\n\n\n<p>Richtungsweisende Kunststoffl\u00f6sungen und Anwendungen f\u00fcr alle Industrien, 6 impulsgebende Kurzvortr\u00e4ge zu den spannendsten Themen der Kunststoffbranche und mehr als 30 Aussteller aus unterschiedlichen Bereichen \u2013 unter dem Motto \u201eMit uns treffen Sie ins Schwarze\u201c findet am Donnerstag, 20. Juni 2024 das 4. Kirchlengerner Kunststoff-Forum statt. Kunden, Partner und Freunde von Gr\u00e4sslin Kunststoffe, die die st\u00e4rksten Ideen der Branche live erleben wollen, k\u00f6nnen sich&nbsp;<a href=\"https:\/\/www.graesslin-kunststoffe.de\/anmeldung\/\" target=\"_blank\" rel=\"noreferrer noopener\">hier anmelden<\/a>.<\/p>\n\n\n\n<p>Das Kunststoff-Forum findet auf dem Gel\u00e4nde von Gr\u00e4sslin Nord, August-Thyssen-Str. 2 in 32278 Kirchlengern, statt. Nach dem Come Together ab 9 Uhr, warten spannende Vortr\u00e4ge und die Aussteller mit ihren Ideen und Platz f\u00fcr den pers\u00f6nlichen Austausch, bevor wir den Tag alle zusammen mit einer After-Forum-Party ab etwa 17 Uhr bei Cocktails, Kaltgetr\u00e4nken und leckeren Snacks viel Zeit zum Netzwerken ausklingen lassen.<\/p>\n\n\n\n<figure class=\"wp-block-image size-large\"><img loading=\"lazy\" decoding=\"async\" width=\"1024\" height=\"266\" src=\"https:\/\/wpms.plastoplan.com\/graesslin\/wp-content\/uploads\/sites\/5\/2024\/06\/bilderleiste-logos-1024x266.jpg\" alt=\"\" class=\"wp-image-6273\" srcset=\"https:\/\/www.graesslin-kunststoffe.de\/wp-content\/uploads\/sites\/5\/2024\/06\/bilderleiste-logos-1024x266.jpg 1024w, https:\/\/www.graesslin-kunststoffe.de\/wp-content\/uploads\/sites\/5\/2024\/06\/bilderleiste-logos-300x78.jpg 300w, https:\/\/www.graesslin-kunststoffe.de\/wp-content\/uploads\/sites\/5\/2024\/06\/bilderleiste-logos-768x199.jpg 768w, https:\/\/www.graesslin-kunststoffe.de\/wp-content\/uploads\/sites\/5\/2024\/06\/bilderleiste-logos-1536x398.jpg 1536w, https:\/\/www.graesslin-kunststoffe.de\/wp-content\/uploads\/sites\/5\/2024\/06\/bilderleiste-logos.jpg 1920w\" sizes=\"auto, (max-width: 1024px) 100vw, 1024px\" \/><\/figure>\n\n\n\n<h3 class=\"wp-block-heading\">Die Themen der Kunststoffbranche \u2013 Das Programm<\/h3>\n\n\n\n<p><strong><mark style=\"background-color:rgba(0, 0, 0, 0)\" class=\"has-inline-color has-primary-color\">9:00 Uhr:<\/mark><\/strong> Come Together<\/p>\n\n\n\n<p><strong><mark style=\"background-color:rgba(0, 0, 0, 0)\" class=\"has-inline-color has-primary-color\">9:30 \u2013 10:00 Uhr<\/mark><\/strong> \u2013 ARBURG GmbH + Co KG<\/p>\n\n\n\n<p>ArburgGREENworld \u2013 \u201eStrategien zur Ressourcenschonung und CO2-Effizienz im Maschinenbau\u201c<br>Referent: Samira Uharek<\/p>\n\n\n\n<p><mark style=\"background-color:rgba(0, 0, 0, 0)\" class=\"has-inline-color has-primary-color\"><strong>10:30 \u2013 11:00 Uhr<\/strong> <\/mark>\u2013 Impetus Plastics Engineering GmbH<\/p>\n\n\n\n<p>Nachhaltige Konzeptentscheidung: Neues Tool zur Erstellung des CO2-Fu\u00dfabdrucks<br>Referent: Dr. Siegrid Brinkmann<\/p>\n\n\n\n<p><strong><mark style=\"background-color:rgba(0, 0, 0, 0)\" class=\"has-inline-color has-primary-color\">11:30 \u2013 12:00 Uhr <\/mark><\/strong>\u2013 Fraunhofer Institut<br>Umweltbilanz und Innovation Trade-off oder Bonus? Referent: Sven W\u00fcstenhagen<\/p>\n\n\n\n<p><strong><mark style=\"background-color:rgba(0, 0, 0, 0)\" class=\"has-inline-color has-primary-color\">12:00 \u2013 13:00 <\/mark><\/strong>\u2013 Mittagspause<\/p>\n\n\n\n<p><strong><mark style=\"background-color:rgba(0, 0, 0, 0)\" class=\"has-inline-color has-primary-color\">13:00 \u2013 13:30 Uhr<\/mark><\/strong> \u2013 Evonik Operations GmbH<br>Die n\u00e4chste PA12-Generation! Nachhaltig, CO2 reduziert, massenbilanziert, zirkul\u00e4r<br>Referenten: Johannes Krampe u. Dr. Martin Wielp\u00fctz<\/p>\n\n\n\n<p><strong><mark style=\"background-color:rgba(0, 0, 0, 0)\" class=\"has-inline-color has-primary-color\">14:00 \u2013 14:30 Uhr<\/mark><\/strong> \u2013 Sabic SHPP B.V.<br>Kunststoffbasisdaten anhand des Datenblattes Referent: \u00d6rsan \u00d6zmen<\/p>\n\n\n\n<p><strong><mark style=\"background-color:rgba(0, 0, 0, 0)\" class=\"has-inline-color has-primary-color\">15:00 \u2013 15:30 Uhr<\/mark><\/strong> \u2013 ENGEL Deutschland GmbH<br>Energieeffizienz im Spritzgie\u00dfen. Mit digitalen Assistenzsystemen bis 50% und mehr Energieeinsparung<br>Referent: Lars Klattig<\/p>\n\n\n\n<p><strong><mark style=\"background-color:rgba(0, 0, 0, 0)\" class=\"has-inline-color has-primary-color\">16:00 \u2013 16:30 Uhr<\/mark><\/strong> \u2013 Kunststoff-Institut L\u00fcdenscheid<br>Trendradar Spritzgie\u00dfen &amp; Werkzeug 2026 Entwicklungen im Bereich Material, Verfahren, neue Gesch\u00e4ftsbereiche &amp; Verordnungen<br>Referent: Marius Fedler<\/p>\n\n\n\n<p><strong><mark style=\"background-color:rgba(0, 0, 0, 0)\" class=\"has-inline-color has-primary-color\">17:00 Uhr<\/mark><\/strong> \u2013 After-Forum-Party<\/p>\n<\/div>\n<\/div>\n\n\n\n<div class=\"wp-block-column col-12 col-sm-auto col-lg-auto order-2 order-sm-2 order-md-2 order-lg-2 is-layout-flow wp-block-column-is-layout-flow\">\n<figure class=\"wp-block-image size-full has-custom-border\"><img loading=\"lazy\" decoding=\"async\" width=\"1312\" height=\"780\" src=\"https:\/\/wpms.plastoplan.com\/graesslin\/wp-content\/uploads\/sites\/5\/2024\/06\/graesslintechnologietage-02-e1726133702134.jpg\" alt=\"\" class=\"wp-image-6274\" style=\"border-radius:20px\" srcset=\"https:\/\/www.graesslin-kunststoffe.de\/wp-content\/uploads\/sites\/5\/2024\/06\/graesslintechnologietage-02-e1726133702134.jpg 1312w, https:\/\/www.graesslin-kunststoffe.de\/wp-content\/uploads\/sites\/5\/2024\/06\/graesslintechnologietage-02-e1726133702134-300x178.jpg 300w, https:\/\/www.graesslin-kunststoffe.de\/wp-content\/uploads\/sites\/5\/2024\/06\/graesslintechnologietage-02-e1726133702134-1024x609.jpg 1024w, https:\/\/www.graesslin-kunststoffe.de\/wp-content\/uploads\/sites\/5\/2024\/06\/graesslintechnologietage-02-e1726133702134-768x457.jpg 768w\" sizes=\"auto, (max-width: 1312px) 100vw, 1312px\" \/><\/figure>\n<\/div>\n<\/div>\n<\/div><\/div>\n","protected":false},"excerpt":{"rendered":"<p>Mit uns treffen Sie ins Schwarze \u2013 4. Kirchlengerner Kunststoff-Forum am 20. Juni 2024 Richtungsweisende Kunststoffl\u00f6sungen und Anwendungen f\u00fcr alle Industrien, 6 impulsgebende Kurzvortr\u00e4ge zu den spannendsten Themen der Kunststoffbranche und mehr als 30 Aussteller aus unterschiedlichen Bereichen \u2013 unter dem Motto \u201eMit uns treffen Sie ins Schwarze\u201c findet am Donnerstag, 20. Juni 2024 das [\u2026]<\/p>\n","protected":false},"author":3,"featured_media":6274,"comment_status":"closed","ping_status":"closed","sticky":false,"template":"","format":"standard","meta":{"greyd_block_editor_preview":[],"footnotes":""},"categories":[31],"tags":[],"class_list":["post-3375","post","type-post","status-publish","format-standard","has-post-thumbnail","hentry","category-news"],"featured_media_global":[],"_links":{"self":[{"href":"https:\/\/www.graesslin-kunststoffe.de\/wp-json\/wp\/v2\/posts\/3375","targetHints":{"allow":["GET"]}}],"collection":[{"href":"https:\/\/www.graesslin-kunststoffe.de\/wp-json\/wp\/v2\/posts"}],"about":[{"href":"https:\/\/www.graesslin-kunststoffe.de\/wp-json\/wp\/v2\/types\/post"}],"author":[{"embeddable":true,"href":"https:\/\/www.graesslin-kunststoffe.de\/wp-json\/wp\/v2\/users\/3"}],"replies":[{"embeddable":true,"href":"https:\/\/www.graesslin-kunststoffe.de\/wp-json\/wp\/v2\/comments?post=3375"}],"version-history":[{"count":1,"href":"https:\/\/www.graesslin-kunststoffe.de\/wp-json\/wp\/v2\/posts\/3375\/revisions"}],"predecessor-version":[{"id":6276,"href":"https:\/\/www.graesslin-kunststoffe.de\/wp-json\/wp\/v2\/posts\/3375\/revisions\/6276"}],"wp:featuredmedia":[{"embeddable":true,"href":"https:\/\/www.graesslin-kunststoffe.de\/wp-json\/wp\/v2\/media\/6274"}],"wp:attachment":[{"href":"https:\/\/www.graesslin-kunststoffe.de\/wp-json\/wp\/v2\/media?parent=3375"}],"wp:term":[{"taxonomy":"category","embeddable":true,"href":"https:\/\/www.graesslin-kunststoffe.de\/wp-json\/wp\/v2\/categories?post=3375"},{"taxonomy":"post_tag","embeddable":true,"href":"https:\/\/www.graesslin-kunststoffe.de\/wp-json\/wp\/v2\/tags?post=3375"}],"curies":[{"name":"wp","href":"https:\/\/api.w.org\/{rel}","templated":true}]}}