{"id":3396,"date":"2024-06-19T10:45:00","date_gmt":"2024-06-19T09:45:00","guid":{"rendered":"https:\/\/www.graesslin-kunststoffe.de\/?p=3396"},"modified":"2025-05-19T11:39:07","modified_gmt":"2025-05-19T09:39:07","slug":"bluehende-unternehmen","status":"publish","type":"post","link":"https:\/\/www.graesslin-kunststoffe.de\/bluehende-unternehmen\/","title":{"rendered":"Bl\u00fchende Unternehmen"},"content":{"rendered":"\n<div class=\"wp-block-group alignfull has-transparent-background-color has-background has-global-padding is-layout-constrained wp-container-core-group-is-layout-94cc6a08 wp-block-group-is-layout-constrained gs_pEByNX group_wrap\" style=\"margin-top:0;padding-top:0;padding-right:0;padding-left:0\"><div  class=\"gs_TCfXEL alignwide\">\n<div class=\"wp-block-columns alignwide is-layout-flex wp-container-core-columns-is-layout-5016e1a0 wp-block-columns-is-layout-flex\">\n<div class=\"wp-block-column col-12 col-sm-12 col-md-7 col-lg-7 order-0 order-sm-0 order-md-0 order-lg-0 is-layout-flow wp-block-column-is-layout-flow\">\n<div class=\"wp-block-group has-global-padding is-content-justification-left is-layout-constrained wp-container-core-group-is-layout-0164f456 wp-block-group-is-layout-constrained gs_ybj6iI group_wrap\" style=\"padding-top:0;padding-bottom:0\">\n<h2 class=\"wp-block-heading\">Eine gr\u00fcne Oase mitten auf dem Firmengel\u00e4nde<\/h2>\n\n\n\n<p><mark style=\"background-color:rgba(0, 0, 0, 0)\" class=\"has-inline-color has-primary-color\">Gr\u00e4sslin wandelt 3,5 Hektar Betriebsgel\u00e4nde in naturnahe Fl\u00e4chen um \u2013 Projekt mit Verein Naturpark S\u00fcdschwarzwald<\/mark><\/p>\n\n\n\n<p>Zum modernen Unternehmen geh\u00f6rt auch, dass sich nicht nur im B\u00fcro, sondern auch auf dem Firmengel\u00e4nde alle wohlf\u00fchlen \u2013 das Team ebenso wie die Besucher. Aber was ist mit den vielen kleinen Bewohner von Feld und Flur? Dieser Frage sind wir zusammen mit dem Verein Naturpark S\u00fcdschwarzwald nachgegangen und haben im Rahmen der Kampagne \u201eBl\u00fchende Unternehmen\u201c gemeinsam eine Antwort formuliert: Knapp 3,5 Hektar bisher unbebautes Betriebsgel\u00e4nde rund um unsere Hallen und B\u00fcrogeb\u00e4ude in Villingen-Schwenningen wurden in einen Mix aus gepflegten und gem\u00e4hten Gr\u00fcnfl\u00e4chen sowie wild wachsenden Wiesenabschnitten verwandelt, von denen ein Teil auch \u00fcber den Winter stehenbleibt. Damit geben wir den heimischen Insekten und Pflanzen mehr Raum zur Entfaltung und diese danken es uns bereits. Vor allem an den zuletzt sonnigen Tagen ist das Summern der inzwischen 5 Bienenv\u00f6lker kaum mehr zu \u00fcberh\u00f6ren, wenn man in der Mittagspause eine kleine Runde \u00fcber das naturnahe Betriebsgel\u00e4nde dreht.<\/p>\n\n\n\n<p>Ein gepflegter Rasen, wie man ihn in vielen Gewerbegebieten zu sehen bekommt, ist zwar sch\u00f6n gr\u00fcn, aber f\u00fcr Insekten als Nahrungsquelle leider v\u00f6llig uninteressant. Deshalb haben wir sozusagen den Tisch gedeckt und auf einer vorhandenen Fl\u00e4che zwei jeweils drei Mal 100 Meter gro\u00dfe Streifen naturnahe Wiese neu einges\u00e4t. Der Verein Naturpark S\u00fcdschwarzwald w\u00e4hlte daf\u00fcr ganz bewusst Pflanzen und Blumen aus, die bei uns heimisch sind und unseren Insekten ein attraktives Nahrungsangebot bieten. Der Anfang ist also gemacht, den Rest \u00fcbernimmt die Natur, denn einmal einges\u00e4t, entwickeln sich solche Wildblumenwiesen ganz von alleine weiter.<\/p>\n\n\n\n<p>Die flei\u00dfigen Honigbienen sind dieses Jahr bei uns eingezogen haben bereits mit zwei Bienenst\u00f6cken und Obstb\u00e4umen in unserem Quartier Einzug gehalten. Jetzt bedienen sich an den zahlreichen Bl\u00fcten auf den neuen Insektenweiden. Damit sie dabei nicht auf sich allein gestellt sind, k\u00fcmmern sich einige Mitarbeiter, um das \u201eBl\u00fchende Unternehmen\u201c und die summende Nachbarschaft. Eine Kollegin hat eigens daf\u00fcr sogar einen Imkerkurs absolviert. Unser Ziel ist es, die Artenvielfalt auf unseren Fl\u00e4chen zu f\u00f6rdern und damit einen kleinen Beitrag zur Biodiversit\u00e4t zu leisten \u2013 umso sch\u00f6ner, wenn dabei das ein oder andere Gl\u00e4schen Honig herauskommt.<\/p>\n\n\n\n<p>Komplett wird das Naturidyll mit unseren beiden L\u00f6schteichen, von denen einer mit Pergola und Sitzgelegenheiten und Schwimmsteg eine gr\u00fcne Oase f\u00fcr Pausen oder Besprechungen unter freiem Himmel werden soll. Den anderen wollen wir zu einem kleinen Biotop ausbauen. Auch die Anlage von heimischen Staudenbeeten und eines Sonnenblumenfeldes sind schon in Planung. Das Projekt ist noch lange nicht abgeschlossen, wir haben noch viele Ideen zum Wohlf\u00fchlen.<\/p>\n<\/div>\n<\/div>\n\n\n\n<div class=\"wp-block-column col-12 col-sm-auto col-lg-auto order-2 order-sm-2 order-md-2 order-lg-2 is-layout-flow wp-block-column-is-layout-flow\">\n<figure class=\"wp-block-image size-full has-custom-border\"><img loading=\"lazy\" decoding=\"async\" width=\"1200\" height=\"900\" src=\"https:\/\/wpms.plastoplan.com\/graesslin\/wp-content\/uploads\/sites\/5\/2025\/05\/whatsapp-image-2024-04-30-at-134239.jpeg\" alt=\"\" class=\"wp-image-6168\" style=\"border-radius:20px\" srcset=\"https:\/\/www.graesslin-kunststoffe.de\/wp-content\/uploads\/sites\/5\/2025\/05\/whatsapp-image-2024-04-30-at-134239.jpeg 1200w, https:\/\/www.graesslin-kunststoffe.de\/wp-content\/uploads\/sites\/5\/2025\/05\/whatsapp-image-2024-04-30-at-134239-300x225.jpeg 300w, https:\/\/www.graesslin-kunststoffe.de\/wp-content\/uploads\/sites\/5\/2025\/05\/whatsapp-image-2024-04-30-at-134239-1024x768.jpeg 1024w, https:\/\/www.graesslin-kunststoffe.de\/wp-content\/uploads\/sites\/5\/2025\/05\/whatsapp-image-2024-04-30-at-134239-768x576.jpeg 768w\" sizes=\"auto, (max-width: 1200px) 100vw, 1200px\" \/><\/figure>\n<\/div>\n<\/div>\n<\/div>\n\n\n<figure class=\"wp-block-gallery alignwide has-nested-images columns-default is-cropped wp-block-gallery-1 is-layout-flex wp-block-gallery-is-layout-flex\">\n<figure data-wp-context=\"{&quot;imageId&quot;:&quot;69afd01916228&quot;}\" data-wp-interactive=\"core\/image\" data-wp-key=\"69afd01916228\" class=\"wp-block-image size-large wp-lightbox-container\"><img loading=\"lazy\" decoding=\"async\" width=\"1024\" height=\"768\" data-wp-class--hide=\"state.isContentHidden\" data-wp-class--show=\"state.isContentVisible\" data-wp-init=\"callbacks.setButtonStyles\" data-wp-on--click=\"actions.showLightbox\" data-wp-on--load=\"callbacks.setButtonStyles\" data-wp-on-window--resize=\"callbacks.setButtonStyles\" data-id=\"6171\" src=\"https:\/\/wpms.plastoplan.com\/graesslin\/wp-content\/uploads\/sites\/5\/2025\/05\/photo-2024-06-18-10-08-17-1024x768.jpg\" alt=\"\" class=\"wp-image-6171\" srcset=\"https:\/\/www.graesslin-kunststoffe.de\/wp-content\/uploads\/sites\/5\/2025\/05\/photo-2024-06-18-10-08-17-1024x768.jpg 1024w, https:\/\/www.graesslin-kunststoffe.de\/wp-content\/uploads\/sites\/5\/2025\/05\/photo-2024-06-18-10-08-17-300x225.jpg 300w, https:\/\/www.graesslin-kunststoffe.de\/wp-content\/uploads\/sites\/5\/2025\/05\/photo-2024-06-18-10-08-17-768x576.jpg 768w, https:\/\/www.graesslin-kunststoffe.de\/wp-content\/uploads\/sites\/5\/2025\/05\/photo-2024-06-18-10-08-17.jpg 1200w\" sizes=\"auto, (max-width: 1024px) 100vw, 1024px\" \/><button\n\t\t\tclass=\"lightbox-trigger\"\n\t\t\ttype=\"button\"\n\t\t\taria-haspopup=\"dialog\"\n\t\t\taria-label=\"Vergr\u00f6\u00dfern\"\n\t\t\tdata-wp-init=\"callbacks.initTriggerButton\"\n\t\t\tdata-wp-on--click=\"actions.showLightbox\"\n\t\t\tdata-wp-style--right=\"state.imageButtonRight\"\n\t\t\tdata-wp-style--top=\"state.imageButtonTop\"\n\t\t>\n\t\t\t<svg xmlns=\"http:\/\/www.w3.org\/2000\/svg\" width=\"12\" height=\"12\" fill=\"none\" viewBox=\"0 0 12 12\">\n\t\t\t\t<path fill=\"#fff\" d=\"M2 0a2 2 0 0 0-2 2v2h1.5V2a.5.5 0 0 1 .5-.5h2V0H2Zm2 10.5H2a.5.5 0 0 1-.5-.5V8H0v2a2 2 0 0 0 2 2h2v-1.5ZM8 12v-1.5h2a.5.5 0 0 0 .5-.5V8H12v2a2 2 0 0 1-2 2H8Zm2-12a2 2 0 0 1 2 2v2h-1.5V2a.5.5 0 0 0-.5-.5H8V0h2Z\" \/>\n\t\t\t<\/svg>\n\t\t<\/button><\/figure>\n\n\n\n<figure data-wp-context=\"{&quot;imageId&quot;:&quot;69afd01916400&quot;}\" data-wp-interactive=\"core\/image\" data-wp-key=\"69afd01916400\" class=\"wp-block-image size-large wp-lightbox-container\"><img loading=\"lazy\" decoding=\"async\" width=\"1024\" height=\"768\" data-wp-class--hide=\"state.isContentHidden\" data-wp-class--show=\"state.isContentVisible\" data-wp-init=\"callbacks.setButtonStyles\" data-wp-on--click=\"actions.showLightbox\" data-wp-on--load=\"callbacks.setButtonStyles\" data-wp-on-window--resize=\"callbacks.setButtonStyles\" data-id=\"6173\" src=\"https:\/\/wpms.plastoplan.com\/graesslin\/wp-content\/uploads\/sites\/5\/2025\/05\/whatsapp-image-2024-04-30-at-134241-3-1024x768.jpeg\" alt=\"\" class=\"wp-image-6173\" srcset=\"https:\/\/www.graesslin-kunststoffe.de\/wp-content\/uploads\/sites\/5\/2025\/05\/whatsapp-image-2024-04-30-at-134241-3-1024x768.jpeg 1024w, https:\/\/www.graesslin-kunststoffe.de\/wp-content\/uploads\/sites\/5\/2025\/05\/whatsapp-image-2024-04-30-at-134241-3-300x225.jpeg 300w, https:\/\/www.graesslin-kunststoffe.de\/wp-content\/uploads\/sites\/5\/2025\/05\/whatsapp-image-2024-04-30-at-134241-3-768x576.jpeg 768w, https:\/\/www.graesslin-kunststoffe.de\/wp-content\/uploads\/sites\/5\/2025\/05\/whatsapp-image-2024-04-30-at-134241-3.jpeg 1200w\" sizes=\"auto, (max-width: 1024px) 100vw, 1024px\" \/><button\n\t\t\tclass=\"lightbox-trigger\"\n\t\t\ttype=\"button\"\n\t\t\taria-haspopup=\"dialog\"\n\t\t\taria-label=\"Vergr\u00f6\u00dfern\"\n\t\t\tdata-wp-init=\"callbacks.initTriggerButton\"\n\t\t\tdata-wp-on--click=\"actions.showLightbox\"\n\t\t\tdata-wp-style--right=\"state.imageButtonRight\"\n\t\t\tdata-wp-style--top=\"state.imageButtonTop\"\n\t\t>\n\t\t\t<svg xmlns=\"http:\/\/www.w3.org\/2000\/svg\" width=\"12\" height=\"12\" fill=\"none\" viewBox=\"0 0 12 12\">\n\t\t\t\t<path fill=\"#fff\" d=\"M2 0a2 2 0 0 0-2 2v2h1.5V2a.5.5 0 0 1 .5-.5h2V0H2Zm2 10.5H2a.5.5 0 0 1-.5-.5V8H0v2a2 2 0 0 0 2 2h2v-1.5ZM8 12v-1.5h2a.5.5 0 0 0 .5-.5V8H12v2a2 2 0 0 1-2 2H8Zm2-12a2 2 0 0 1 2 2v2h-1.5V2a.5.5 0 0 0-.5-.5H8V0h2Z\" \/>\n\t\t\t<\/svg>\n\t\t<\/button><\/figure>\n\n\n\n<figure data-wp-context=\"{&quot;imageId&quot;:&quot;69afd01916545&quot;}\" data-wp-interactive=\"core\/image\" data-wp-key=\"69afd01916545\" class=\"wp-block-image size-large wp-lightbox-container\"><img loading=\"lazy\" decoding=\"async\" width=\"1024\" height=\"768\" data-wp-class--hide=\"state.isContentHidden\" data-wp-class--show=\"state.isContentVisible\" data-wp-init=\"callbacks.setButtonStyles\" data-wp-on--click=\"actions.showLightbox\" data-wp-on--load=\"callbacks.setButtonStyles\" data-wp-on-window--resize=\"callbacks.setButtonStyles\" data-id=\"6172\" src=\"https:\/\/wpms.plastoplan.com\/graesslin\/wp-content\/uploads\/sites\/5\/2025\/05\/whatsapp-image-2024-04-30-at-134239-1-1024x768.jpeg\" alt=\"\" class=\"wp-image-6172\" srcset=\"https:\/\/www.graesslin-kunststoffe.de\/wp-content\/uploads\/sites\/5\/2025\/05\/whatsapp-image-2024-04-30-at-134239-1-1024x768.jpeg 1024w, https:\/\/www.graesslin-kunststoffe.de\/wp-content\/uploads\/sites\/5\/2025\/05\/whatsapp-image-2024-04-30-at-134239-1-300x225.jpeg 300w, https:\/\/www.graesslin-kunststoffe.de\/wp-content\/uploads\/sites\/5\/2025\/05\/whatsapp-image-2024-04-30-at-134239-1-768x576.jpeg 768w, https:\/\/www.graesslin-kunststoffe.de\/wp-content\/uploads\/sites\/5\/2025\/05\/whatsapp-image-2024-04-30-at-134239-1.jpeg 1200w\" sizes=\"auto, (max-width: 1024px) 100vw, 1024px\" \/><button\n\t\t\tclass=\"lightbox-trigger\"\n\t\t\ttype=\"button\"\n\t\t\taria-haspopup=\"dialog\"\n\t\t\taria-label=\"Vergr\u00f6\u00dfern\"\n\t\t\tdata-wp-init=\"callbacks.initTriggerButton\"\n\t\t\tdata-wp-on--click=\"actions.showLightbox\"\n\t\t\tdata-wp-style--right=\"state.imageButtonRight\"\n\t\t\tdata-wp-style--top=\"state.imageButtonTop\"\n\t\t>\n\t\t\t<svg xmlns=\"http:\/\/www.w3.org\/2000\/svg\" width=\"12\" height=\"12\" fill=\"none\" viewBox=\"0 0 12 12\">\n\t\t\t\t<path fill=\"#fff\" d=\"M2 0a2 2 0 0 0-2 2v2h1.5V2a.5.5 0 0 1 .5-.5h2V0H2Zm2 10.5H2a.5.5 0 0 1-.5-.5V8H0v2a2 2 0 0 0 2 2h2v-1.5ZM8 12v-1.5h2a.5.5 0 0 0 .5-.5V8H12v2a2 2 0 0 1-2 2H8Zm2-12a2 2 0 0 1 2 2v2h-1.5V2a.5.5 0 0 0-.5-.5H8V0h2Z\" \/>\n\t\t\t<\/svg>\n\t\t<\/button><\/figure>\n\n\n\n<figure data-wp-context=\"{&quot;imageId&quot;:&quot;69afd01916679&quot;}\" data-wp-interactive=\"core\/image\" data-wp-key=\"69afd01916679\" class=\"wp-block-image size-large wp-lightbox-container\"><img loading=\"lazy\" decoding=\"async\" width=\"1024\" height=\"768\" data-wp-class--hide=\"state.isContentHidden\" data-wp-class--show=\"state.isContentVisible\" data-wp-init=\"callbacks.setButtonStyles\" data-wp-on--click=\"actions.showLightbox\" data-wp-on--load=\"callbacks.setButtonStyles\" data-wp-on-window--resize=\"callbacks.setButtonStyles\" data-id=\"6170\" src=\"https:\/\/wpms.plastoplan.com\/graesslin\/wp-content\/uploads\/sites\/5\/2025\/05\/photo-2024-06-18-10-08-16-3-1024x768.jpg\" alt=\"\" class=\"wp-image-6170\" srcset=\"https:\/\/www.graesslin-kunststoffe.de\/wp-content\/uploads\/sites\/5\/2025\/05\/photo-2024-06-18-10-08-16-3-1024x768.jpg 1024w, https:\/\/www.graesslin-kunststoffe.de\/wp-content\/uploads\/sites\/5\/2025\/05\/photo-2024-06-18-10-08-16-3-300x225.jpg 300w, https:\/\/www.graesslin-kunststoffe.de\/wp-content\/uploads\/sites\/5\/2025\/05\/photo-2024-06-18-10-08-16-3-768x576.jpg 768w, https:\/\/www.graesslin-kunststoffe.de\/wp-content\/uploads\/sites\/5\/2025\/05\/photo-2024-06-18-10-08-16-3.jpg 1200w\" sizes=\"auto, (max-width: 1024px) 100vw, 1024px\" \/><button\n\t\t\tclass=\"lightbox-trigger\"\n\t\t\ttype=\"button\"\n\t\t\taria-haspopup=\"dialog\"\n\t\t\taria-label=\"Vergr\u00f6\u00dfern\"\n\t\t\tdata-wp-init=\"callbacks.initTriggerButton\"\n\t\t\tdata-wp-on--click=\"actions.showLightbox\"\n\t\t\tdata-wp-style--right=\"state.imageButtonRight\"\n\t\t\tdata-wp-style--top=\"state.imageButtonTop\"\n\t\t>\n\t\t\t<svg xmlns=\"http:\/\/www.w3.org\/2000\/svg\" width=\"12\" height=\"12\" fill=\"none\" viewBox=\"0 0 12 12\">\n\t\t\t\t<path fill=\"#fff\" d=\"M2 0a2 2 0 0 0-2 2v2h1.5V2a.5.5 0 0 1 .5-.5h2V0H2Zm2 10.5H2a.5.5 0 0 1-.5-.5V8H0v2a2 2 0 0 0 2 2h2v-1.5ZM8 12v-1.5h2a.5.5 0 0 0 .5-.5V8H12v2a2 2 0 0 1-2 2H8Zm2-12a2 2 0 0 1 2 2v2h-1.5V2a.5.5 0 0 0-.5-.5H8V0h2Z\" \/>\n\t\t\t<\/svg>\n\t\t<\/button><\/figure>\n\n\n\n<figure data-wp-context=\"{&quot;imageId&quot;:&quot;69afd0191679f&quot;}\" data-wp-interactive=\"core\/image\" data-wp-key=\"69afd0191679f\" class=\"wp-block-image size-large wp-lightbox-container\"><img loading=\"lazy\" decoding=\"async\" width=\"1024\" height=\"768\" data-wp-class--hide=\"state.isContentHidden\" data-wp-class--show=\"state.isContentVisible\" data-wp-init=\"callbacks.setButtonStyles\" data-wp-on--click=\"actions.showLightbox\" data-wp-on--load=\"callbacks.setButtonStyles\" data-wp-on-window--resize=\"callbacks.setButtonStyles\" data-id=\"6169\" src=\"https:\/\/wpms.plastoplan.com\/graesslin\/wp-content\/uploads\/sites\/5\/2025\/05\/photo-2024-06-18-10-08-16-1024x768.jpg\" alt=\"\" class=\"wp-image-6169\" srcset=\"https:\/\/www.graesslin-kunststoffe.de\/wp-content\/uploads\/sites\/5\/2025\/05\/photo-2024-06-18-10-08-16-1024x768.jpg 1024w, https:\/\/www.graesslin-kunststoffe.de\/wp-content\/uploads\/sites\/5\/2025\/05\/photo-2024-06-18-10-08-16-300x225.jpg 300w, https:\/\/www.graesslin-kunststoffe.de\/wp-content\/uploads\/sites\/5\/2025\/05\/photo-2024-06-18-10-08-16-768x576.jpg 768w, https:\/\/www.graesslin-kunststoffe.de\/wp-content\/uploads\/sites\/5\/2025\/05\/photo-2024-06-18-10-08-16.jpg 1200w\" sizes=\"auto, (max-width: 1024px) 100vw, 1024px\" \/><button\n\t\t\tclass=\"lightbox-trigger\"\n\t\t\ttype=\"button\"\n\t\t\taria-haspopup=\"dialog\"\n\t\t\taria-label=\"Vergr\u00f6\u00dfern\"\n\t\t\tdata-wp-init=\"callbacks.initTriggerButton\"\n\t\t\tdata-wp-on--click=\"actions.showLightbox\"\n\t\t\tdata-wp-style--right=\"state.imageButtonRight\"\n\t\t\tdata-wp-style--top=\"state.imageButtonTop\"\n\t\t>\n\t\t\t<svg xmlns=\"http:\/\/www.w3.org\/2000\/svg\" width=\"12\" height=\"12\" fill=\"none\" viewBox=\"0 0 12 12\">\n\t\t\t\t<path fill=\"#fff\" d=\"M2 0a2 2 0 0 0-2 2v2h1.5V2a.5.5 0 0 1 .5-.5h2V0H2Zm2 10.5H2a.5.5 0 0 1-.5-.5V8H0v2a2 2 0 0 0 2 2h2v-1.5ZM8 12v-1.5h2a.5.5 0 0 0 .5-.5V8H12v2a2 2 0 0 1-2 2H8Zm2-12a2 2 0 0 1 2 2v2h-1.5V2a.5.5 0 0 0-.5-.5H8V0h2Z\" \/>\n\t\t\t<\/svg>\n\t\t<\/button><\/figure>\n\n\n\n<figure data-wp-context=\"{&quot;imageId&quot;:&quot;69afd019168ca&quot;}\" data-wp-interactive=\"core\/image\" data-wp-key=\"69afd019168ca\" class=\"wp-block-image size-large wp-lightbox-container\"><img loading=\"lazy\" decoding=\"async\" width=\"1024\" height=\"768\" data-wp-class--hide=\"state.isContentHidden\" data-wp-class--show=\"state.isContentVisible\" data-wp-init=\"callbacks.setButtonStyles\" data-wp-on--click=\"actions.showLightbox\" data-wp-on--load=\"callbacks.setButtonStyles\" data-wp-on-window--resize=\"callbacks.setButtonStyles\" data-id=\"6168\" src=\"https:\/\/wpms.plastoplan.com\/graesslin\/wp-content\/uploads\/sites\/5\/2025\/05\/whatsapp-image-2024-04-30-at-134239-1024x768.jpeg\" alt=\"\" class=\"wp-image-6168\" srcset=\"https:\/\/www.graesslin-kunststoffe.de\/wp-content\/uploads\/sites\/5\/2025\/05\/whatsapp-image-2024-04-30-at-134239-1024x768.jpeg 1024w, https:\/\/www.graesslin-kunststoffe.de\/wp-content\/uploads\/sites\/5\/2025\/05\/whatsapp-image-2024-04-30-at-134239-300x225.jpeg 300w, https:\/\/www.graesslin-kunststoffe.de\/wp-content\/uploads\/sites\/5\/2025\/05\/whatsapp-image-2024-04-30-at-134239-768x576.jpeg 768w, https:\/\/www.graesslin-kunststoffe.de\/wp-content\/uploads\/sites\/5\/2025\/05\/whatsapp-image-2024-04-30-at-134239.jpeg 1200w\" sizes=\"auto, (max-width: 1024px) 100vw, 1024px\" \/><button\n\t\t\tclass=\"lightbox-trigger\"\n\t\t\ttype=\"button\"\n\t\t\taria-haspopup=\"dialog\"\n\t\t\taria-label=\"Vergr\u00f6\u00dfern\"\n\t\t\tdata-wp-init=\"callbacks.initTriggerButton\"\n\t\t\tdata-wp-on--click=\"actions.showLightbox\"\n\t\t\tdata-wp-style--right=\"state.imageButtonRight\"\n\t\t\tdata-wp-style--top=\"state.imageButtonTop\"\n\t\t>\n\t\t\t<svg xmlns=\"http:\/\/www.w3.org\/2000\/svg\" width=\"12\" height=\"12\" fill=\"none\" viewBox=\"0 0 12 12\">\n\t\t\t\t<path fill=\"#fff\" d=\"M2 0a2 2 0 0 0-2 2v2h1.5V2a.5.5 0 0 1 .5-.5h2V0H2Zm2 10.5H2a.5.5 0 0 1-.5-.5V8H0v2a2 2 0 0 0 2 2h2v-1.5ZM8 12v-1.5h2a.5.5 0 0 0 .5-.5V8H12v2a2 2 0 0 1-2 2H8Zm2-12a2 2 0 0 1 2 2v2h-1.5V2a.5.5 0 0 0-.5-.5H8V0h2Z\" \/>\n\t\t\t<\/svg>\n\t\t<\/button><\/figure>\n<\/figure>\n<\/div>\n","protected":false},"excerpt":{"rendered":"<p>Eine gr\u00fcne Oase mitten auf dem Firmengel\u00e4nde Gr\u00e4sslin wandelt 3,5 Hektar Betriebsgel\u00e4nde in naturnahe Fl\u00e4chen um \u2013 Projekt mit Verein Naturpark S\u00fcdschwarzwald Zum modernen Unternehmen geh\u00f6rt auch, dass sich nicht nur im B\u00fcro, sondern auch auf dem Firmengel\u00e4nde alle wohlf\u00fchlen \u2013 das Team ebenso wie die Besucher. Aber was ist mit den vielen kleinen Bewohner [\u2026]<\/p>\n","protected":false},"author":3,"featured_media":6171,"comment_status":"closed","ping_status":"closed","sticky":false,"template":"","format":"standard","meta":{"greyd_block_editor_preview":[],"footnotes":""},"categories":[31],"tags":[],"class_list":["post-3396","post","type-post","status-publish","format-standard","has-post-thumbnail","hentry","category-news"],"featured_media_global":[],"_links":{"self":[{"href":"https:\/\/www.graesslin-kunststoffe.de\/wp-json\/wp\/v2\/posts\/3396","targetHints":{"allow":["GET"]}}],"collection":[{"href":"https:\/\/www.graesslin-kunststoffe.de\/wp-json\/wp\/v2\/posts"}],"about":[{"href":"https:\/\/www.graesslin-kunststoffe.de\/wp-json\/wp\/v2\/types\/post"}],"author":[{"embeddable":true,"href":"https:\/\/www.graesslin-kunststoffe.de\/wp-json\/wp\/v2\/users\/3"}],"replies":[{"embeddable":true,"href":"https:\/\/www.graesslin-kunststoffe.de\/wp-json\/wp\/v2\/comments?post=3396"}],"version-history":[{"count":2,"href":"https:\/\/www.graesslin-kunststoffe.de\/wp-json\/wp\/v2\/posts\/3396\/revisions"}],"predecessor-version":[{"id":6272,"href":"https:\/\/www.graesslin-kunststoffe.de\/wp-json\/wp\/v2\/posts\/3396\/revisions\/6272"}],"wp:featuredmedia":[{"embeddable":true,"href":"https:\/\/www.graesslin-kunststoffe.de\/wp-json\/wp\/v2\/media\/6171"}],"wp:attachment":[{"href":"https:\/\/www.graesslin-kunststoffe.de\/wp-json\/wp\/v2\/media?parent=3396"}],"wp:term":[{"taxonomy":"category","embeddable":true,"href":"https:\/\/www.graesslin-kunststoffe.de\/wp-json\/wp\/v2\/categories?post=3396"},{"taxonomy":"post_tag","embeddable":true,"href":"https:\/\/www.graesslin-kunststoffe.de\/wp-json\/wp\/v2\/tags?post=3396"}],"curies":[{"name":"wp","href":"https:\/\/api.w.org\/{rel}","templated":true}]}}