{"id":3434,"date":"2024-07-09T11:04:00","date_gmt":"2024-07-09T10:04:00","guid":{"rendered":"https:\/\/www.graesslin-kunststoffe.de\/?p=3434"},"modified":"2025-05-19T11:19:30","modified_gmt":"2025-05-19T09:19:30","slug":"mit-uns-treffen-sie-ins-schwarze","status":"publish","type":"post","link":"https:\/\/www.graesslin-kunststoffe.de\/mit-uns-treffen-sie-ins-schwarze\/","title":{"rendered":"Mit uns treffen Sie ins Schwarze!"},"content":{"rendered":"\n<div class=\"wp-block-group alignfull has-transparent-background-color has-background has-global-padding is-layout-constrained wp-container-core-group-is-layout-94cc6a08 wp-block-group-is-layout-constrained gs_eLpJgO group_wrap\" style=\"margin-top:0;padding-top:0;padding-right:0;padding-left:0\"><div  class=\"gs_3USpOx alignwide\">\n<div class=\"wp-block-columns alignwide is-layout-flex wp-container-core-columns-is-layout-5016e1a0 wp-block-columns-is-layout-flex\">\n<div class=\"wp-block-column col-12 col-sm-12 col-md-7 col-lg-7 order-0 order-sm-0 order-md-0 order-lg-0 is-layout-flow wp-block-column-is-layout-flow\">\n<div class=\"wp-block-group has-global-padding is-content-justification-left is-layout-constrained wp-container-core-group-is-layout-0164f456 wp-block-group-is-layout-constrained gs_ztXgNn group_wrap\" style=\"padding-top:0;padding-bottom:0\">\n<h2 class=\"wp-block-heading\"><strong>Das war das 4. Kirchlengerner Kunststoff-Forum<\/strong><\/h2>\n\n\n\n<figure class=\"wp-block-embed is-type-video is-provider-youtube wp-block-embed-youtube wp-embed-aspect-16-9 wp-has-aspect-ratio\"><div class=\"wp-block-embed__wrapper\">\n <div class=\"brlbs-cmpnt-container brlbs-cmpnt-content-blocker brlbs-cmpnt-with-individual-styles\" data-borlabs-cookie-content-blocker-id=\"default\" data-borlabs-cookie-content=\"PGlmcmFtZSB0aXRsZT0iR3LDpHNzbGluIE5PUkQgLSA0LiBLaXJjaGxlbmdlcm5lciBLdW5zdHN0b2ZmLUZvcnVtIC0gMjAuMDYuMjAyNCIgd2lkdGg9IjUwMCIgaGVpZ2h0PSIyODEiIHNyYz0iaHR0cHM6Ly93d3cueW91dHViZS5jb20vZW1iZWQvVExoN1ZEeGFaOVk\/ZmVhdHVyZT1vZW1iZWQiIGZyYW1lYm9yZGVyPSIwIiBhbGxvdz0iYWNjZWxlcm9tZXRlcjsgYXV0b3BsYXk7IGNsaXBib2FyZC13cml0ZTsgZW5jcnlwdGVkLW1lZGlhOyBneXJvc2NvcGU7IHBpY3R1cmUtaW4tcGljdHVyZTsgd2ViLXNoYXJlIiByZWZlcnJlcnBvbGljeT0ic3RyaWN0LW9yaWdpbi13aGVuLWNyb3NzLW9yaWdpbiIgYWxsb3dmdWxsc2NyZWVuPjwvaWZyYW1lPg==\"><div class=\"brlbs-cmpnt-cb-preset-a\"> <p class=\"brlbs-cmpnt-cb-description\">Sie sehen gerade einen Platzhalterinhalt von <strong>Standard<\/strong>. Um auf den eigentlichen Inhalt zuzugreifen, klicken Sie auf den Button unten. Bitte beachten Sie, dass dabei Daten an Drittanbieter weitergegeben werden.<\/p> <div class=\"brlbs-cmpnt-cb-buttons\"> <a class=\"brlbs-cmpnt-cb-btn\" href=\"#\" data-borlabs-cookie-unblock role=\"button\">Inhalt entsperren<\/a> <a class=\"brlbs-cmpnt-cb-btn\" href=\"#\" data-borlabs-cookie-accept-service role=\"button\" style=\"display: none\">Erforderlichen Service akzeptieren und Inhalte entsperren<\/a> <\/div> <a class=\"brlbs-cmpnt-cb-provider-toggle\" href=\"#\" data-borlabs-cookie-show-provider-information role=\"button\">Weitere Informationen<\/a> <\/div><\/div>\n<\/div><\/figure>\n\n\n\n<p>Mehr als 200 Besucherinnen und Besucher aus zahlreichen Branchen. 32 Aussteller aus unterschiedlichen Bereichen. 6 spannende Impulsvortr\u00e4ge zu einigen der aktuell st\u00e4rksten Ideen der Kunststoffbranche. Unser 4. Kirchlengerner Kunststoff-Forum bot auch 2024 wieder richtungsweisende Kunststoffl\u00f6sungen und Anwendungen f\u00fcr alle Industrien. Dar\u00fcber hinaus gab es gewohnt viel Raum f\u00fcr das Netzwerken, den fachlichen Austausch \u00fcber innovative Ideen und pers\u00f6nliche Gespr\u00e4che bei der abschlie\u00dfenden After-Forum-Party.<\/p>\n\n\n\n<p>Wir freuen uns, dass sich unser Kunststoff-Forum wieder als eine ideale Plattform f\u00fcr gute Gespr\u00e4che, frische Impulse, neue Netzwerkpartner und Kontaktpflege gezeigt hat. Wir machen weiter und laden Sie jetzt schon zum Gr\u00e4sslin Technologie Tag 2025 ein, dann wieder an unserem Standort S\u00fcd, in Villingen-Schwenningen. Bis dahin wollen wir mit diesem kleinen Film einige sch\u00f6ne Erinnerungen mit Ihnen und Euch teilen.<\/p>\n\n\n\n<p>Sollten noch Fragen unbeantwortet oder Kontaktw\u00fcnsche offengeblieben sein \u2013 nicht vergessen: Mit uns und unseren Kunststoffl\u00f6sungen treffen Sie ins Schwarze! Wie, das besprechen wir am besten pers\u00f6nlich. Melden Sie sich gerne telefonisch oder per E-Mail an info@graesslin-kunststoffe.de, dann vereinbaren wir einen Termin.<\/p>\n<\/div>\n<\/div>\n\n\n\n<div class=\"wp-block-column col-12 col-sm-auto col-lg-auto order-2 order-sm-2 order-md-2 order-lg-2 is-layout-flow wp-block-column-is-layout-flow\">\n<figure class=\"wp-block-image size-full has-custom-border\"><img loading=\"lazy\" decoding=\"async\" width=\"1200\" height=\"800\" src=\"https:\/\/wpms.plastoplan.com\/graesslin\/wp-content\/uploads\/sites\/5\/2024\/07\/kunststoff-forum-2024.jpg\" alt=\"\" class=\"wp-image-6263\" style=\"border-radius:20px\" srcset=\"https:\/\/www.graesslin-kunststoffe.de\/wp-content\/uploads\/sites\/5\/2024\/07\/kunststoff-forum-2024.jpg 1200w, https:\/\/www.graesslin-kunststoffe.de\/wp-content\/uploads\/sites\/5\/2024\/07\/kunststoff-forum-2024-300x200.jpg 300w, https:\/\/www.graesslin-kunststoffe.de\/wp-content\/uploads\/sites\/5\/2024\/07\/kunststoff-forum-2024-1024x683.jpg 1024w, https:\/\/www.graesslin-kunststoffe.de\/wp-content\/uploads\/sites\/5\/2024\/07\/kunststoff-forum-2024-768x512.jpg 768w\" sizes=\"auto, (max-width: 1200px) 100vw, 1200px\" \/><\/figure>\n<\/div>\n<\/div>\n<\/div><\/div>\n","protected":false},"excerpt":{"rendered":"<p>Das war das 4. Kirchlengerner Kunststoff-Forum Mehr als 200 Besucherinnen und Besucher aus zahlreichen Branchen. 32 Aussteller aus unterschiedlichen Bereichen. 6 spannende Impulsvortr\u00e4ge zu einigen der aktuell st\u00e4rksten Ideen der Kunststoffbranche. Unser 4. Kirchlengerner Kunststoff-Forum bot auch 2024 wieder richtungsweisende Kunststoffl\u00f6sungen und Anwendungen f\u00fcr alle Industrien. Dar\u00fcber hinaus gab es gewohnt viel Raum f\u00fcr das [\u2026]<\/p>\n","protected":false},"author":3,"featured_media":6263,"comment_status":"closed","ping_status":"closed","sticky":false,"template":"","format":"standard","meta":{"greyd_block_editor_preview":[],"footnotes":""},"categories":[31],"tags":[],"class_list":["post-3434","post","type-post","status-publish","format-standard","has-post-thumbnail","hentry","category-news"],"featured_media_global":[],"_links":{"self":[{"href":"https:\/\/www.graesslin-kunststoffe.de\/wp-json\/wp\/v2\/posts\/3434","targetHints":{"allow":["GET"]}}],"collection":[{"href":"https:\/\/www.graesslin-kunststoffe.de\/wp-json\/wp\/v2\/posts"}],"about":[{"href":"https:\/\/www.graesslin-kunststoffe.de\/wp-json\/wp\/v2\/types\/post"}],"author":[{"embeddable":true,"href":"https:\/\/www.graesslin-kunststoffe.de\/wp-json\/wp\/v2\/users\/3"}],"replies":[{"embeddable":true,"href":"https:\/\/www.graesslin-kunststoffe.de\/wp-json\/wp\/v2\/comments?post=3434"}],"version-history":[{"count":1,"href":"https:\/\/www.graesslin-kunststoffe.de\/wp-json\/wp\/v2\/posts\/3434\/revisions"}],"predecessor-version":[{"id":6264,"href":"https:\/\/www.graesslin-kunststoffe.de\/wp-json\/wp\/v2\/posts\/3434\/revisions\/6264"}],"wp:featuredmedia":[{"embeddable":true,"href":"https:\/\/www.graesslin-kunststoffe.de\/wp-json\/wp\/v2\/media\/6263"}],"wp:attachment":[{"href":"https:\/\/www.graesslin-kunststoffe.de\/wp-json\/wp\/v2\/media?parent=3434"}],"wp:term":[{"taxonomy":"category","embeddable":true,"href":"https:\/\/www.graesslin-kunststoffe.de\/wp-json\/wp\/v2\/categories?post=3434"},{"taxonomy":"post_tag","embeddable":true,"href":"https:\/\/www.graesslin-kunststoffe.de\/wp-json\/wp\/v2\/tags?post=3434"}],"curies":[{"name":"wp","href":"https:\/\/api.w.org\/{rel}","templated":true}]}}