{"id":4652,"date":"2024-09-24T13:59:07","date_gmt":"2024-09-24T12:59:07","guid":{"rendered":"https:\/\/www.graesslin-kunststoffe.de\/?p=4652"},"modified":"2025-05-19T11:13:15","modified_gmt":"2025-05-19T09:13:15","slug":"mit-kunststoffen-fuer-die-energiewende","status":"publish","type":"post","link":"https:\/\/www.graesslin-kunststoffe.de\/mit-kunststoffen-fuer-die-energiewende\/","title":{"rendered":"Mit Kunststoffen f\u00fcr die Energiewende"},"content":{"rendered":"\n<div class=\"wp-block-group alignfull has-transparent-background-color has-background has-global-padding is-layout-constrained wp-container-core-group-is-layout-94cc6a08 wp-block-group-is-layout-constrained gs_0agmL1 group_wrap\" style=\"margin-top:0;padding-top:0;padding-right:0;padding-left:0\"><div  class=\"gs_VEtfdb alignwide\">\n<div class=\"wp-block-columns alignwide is-layout-flex wp-container-core-columns-is-layout-5016e1a0 wp-block-columns-is-layout-flex\">\n<div class=\"wp-block-column col-12 col-sm-12 col-md-7 col-lg-7 order-0 order-sm-0 order-md-0 order-lg-0 is-layout-flow wp-block-column-is-layout-flow\">\n<div class=\"wp-block-group has-global-padding is-content-justification-left is-layout-constrained wp-container-core-group-is-layout-0164f456 wp-block-group-is-layout-constrained gs_NpbVVj group_wrap\" style=\"padding-top:0;padding-bottom:0\">\n<h2 class=\"wp-block-heading\">Gr\u00e4sslin Kunststoffe auf der FAKUMA 2024<\/h2>\n\n\n\n<p>Die Energiewende ist da. Gr\u00e4sslin Kunststoffe auch! Mit zahlreichen Vorteilen wie Flammschutz, elektrischen Eigenschaften, Designfreiheit, Leichtigkeit, und einfacher Verarbeitbarkeit sind Kunststoffe DAS Material Nummer 1 f\u00fcr die Transformation in eine klimaschonende Zukunft. Entsprechend pr\u00e4sentieren wir auf dem FAKUMA-Gemeinschaftsstand in Friedrichshafen vom 15. bis 19. Oktober 2024 unsere gro\u00dfe Kunststoff-Vielfalt f\u00fcr eine klimaschonende Zukunft.<br><br>F\u00fcr uns ist die FAKUMA eine gute Gelegenheit, unseren Beitrag von nachhaltigen Kunststoffen f\u00fcr Zukunftstechnologien live zu pr\u00e4sentieren und die innovativen Ideen zur Energiewende gemeinsam mit unseren G\u00e4sten weiterzuentwickeln. Auf unserem Gemeinschaftsstand erleben Besucher die gro\u00dfe Gr\u00e4sslin-Vielfalt technischer und nachhaltiger Kunststoffe, mit denen Projekte und Zukunftsvision Realit\u00e4t werden.<br><br>Besuchen Sie uns auf der FAKUMA in Halle B3 Stand 3123! Und seien Sie gerne unser Gast, wenn wir Dienstag bis Donnerstag, jeweils von 17 bis 19 Uhr zum \u201eFeierabend\u201c einladen. Gemeinsam wollen wir bei coolen Drinks und energiegeladenen DJ-Rhythmen den Messetag ausklingen lassen und netzwerken.<\/p>\n\n\n\n<div class=\"wp-block-greyd-buttons\">\n<a href=\"https:\/\/www.schall-registrierung.de\/login.php?code=8JB7B-1ERXS\" target=\"_blank\" title=\"https:\/\/www.schall-registrierung.de\/login.php?code=8JB7B-1ERXS\" class=\"button  gs_ggkJwo \" rel=\"noopener\">Jetzt Ticket sichern<\/a>\n<\/div>\n\n\n\n<p>Unser Experten-Tipp: Nutzen Sie auch die Chance, mehr \u00fcber \u201eEnergy Transition\u201c zu erfahren und besuchen Sie spannende Vortr\u00e4ge \u2013 unter anderem unseres langj\u00e4hrigen Partners SABIC \u2013 am Mittwoch und Donnerstag im FAKUMA Aussteller Forum.<\/p>\n<\/div>\n<\/div>\n\n\n\n<div class=\"wp-block-column col-12 col-sm-auto col-lg-auto order-2 order-sm-2 order-md-2 order-lg-2 is-layout-flow wp-block-column-is-layout-flow\">\n<figure class=\"wp-block-image size-full has-custom-border\"><img loading=\"lazy\" decoding=\"async\" width=\"1920\" height=\"1119\" src=\"https:\/\/wpms.plastoplan.com\/graesslin\/wp-content\/uploads\/sites\/5\/2024\/09\/graesslin-fakuma-02.jpg\" alt=\"\" class=\"wp-image-6256\" style=\"border-radius:20px\" srcset=\"https:\/\/www.graesslin-kunststoffe.de\/wp-content\/uploads\/sites\/5\/2024\/09\/graesslin-fakuma-02.jpg 1920w, https:\/\/www.graesslin-kunststoffe.de\/wp-content\/uploads\/sites\/5\/2024\/09\/graesslin-fakuma-02-300x175.jpg 300w, https:\/\/www.graesslin-kunststoffe.de\/wp-content\/uploads\/sites\/5\/2024\/09\/graesslin-fakuma-02-1024x597.jpg 1024w, https:\/\/www.graesslin-kunststoffe.de\/wp-content\/uploads\/sites\/5\/2024\/09\/graesslin-fakuma-02-768x448.jpg 768w, https:\/\/www.graesslin-kunststoffe.de\/wp-content\/uploads\/sites\/5\/2024\/09\/graesslin-fakuma-02-1536x895.jpg 1536w\" sizes=\"auto, (max-width: 1920px) 100vw, 1920px\" \/><\/figure>\n<\/div>\n<\/div>\n<\/div><\/div>\n","protected":false},"excerpt":{"rendered":"<p>Die Energiewende ist da. Gr\u00e4sslin Kunststoffe auch! Mit zahlreichen Vorteilen wie Flammschutz, elektrischen Eigenschaften, Designfreiheit, Leichtigkeit, und einfacher Verarbeitbarkeit sind Kunststoffe DAS Material Nummer 1 f\u00fcr die Transformation in eine klimaschonende Zukunft.  [\u2026]<\/p>\n","protected":false},"author":3,"featured_media":6256,"comment_status":"closed","ping_status":"closed","sticky":false,"template":"","format":"standard","meta":{"greyd_block_editor_preview":[],"footnotes":""},"categories":[31],"tags":[],"class_list":["post-4652","post","type-post","status-publish","format-standard","has-post-thumbnail","hentry","category-news"],"featured_media_global":[],"_links":{"self":[{"href":"https:\/\/www.graesslin-kunststoffe.de\/wp-json\/wp\/v2\/posts\/4652","targetHints":{"allow":["GET"]}}],"collection":[{"href":"https:\/\/www.graesslin-kunststoffe.de\/wp-json\/wp\/v2\/posts"}],"about":[{"href":"https:\/\/www.graesslin-kunststoffe.de\/wp-json\/wp\/v2\/types\/post"}],"author":[{"embeddable":true,"href":"https:\/\/www.graesslin-kunststoffe.de\/wp-json\/wp\/v2\/users\/3"}],"replies":[{"embeddable":true,"href":"https:\/\/www.graesslin-kunststoffe.de\/wp-json\/wp\/v2\/comments?post=4652"}],"version-history":[{"count":1,"href":"https:\/\/www.graesslin-kunststoffe.de\/wp-json\/wp\/v2\/posts\/4652\/revisions"}],"predecessor-version":[{"id":6257,"href":"https:\/\/www.graesslin-kunststoffe.de\/wp-json\/wp\/v2\/posts\/4652\/revisions\/6257"}],"wp:featuredmedia":[{"embeddable":true,"href":"https:\/\/www.graesslin-kunststoffe.de\/wp-json\/wp\/v2\/media\/6256"}],"wp:attachment":[{"href":"https:\/\/www.graesslin-kunststoffe.de\/wp-json\/wp\/v2\/media?parent=4652"}],"wp:term":[{"taxonomy":"category","embeddable":true,"href":"https:\/\/www.graesslin-kunststoffe.de\/wp-json\/wp\/v2\/categories?post=4652"},{"taxonomy":"post_tag","embeddable":true,"href":"https:\/\/www.graesslin-kunststoffe.de\/wp-json\/wp\/v2\/tags?post=4652"}],"curies":[{"name":"wp","href":"https:\/\/api.w.org\/{rel}","templated":true}]}}