{"id":5466,"date":"2024-10-29T14:00:00","date_gmt":"2024-10-29T12:00:00","guid":{"rendered":"https:\/\/www.graesslin-kunststoffe.de\/?p=5466"},"modified":"2025-05-16T21:20:00","modified_gmt":"2025-05-16T19:20:00","slug":"energiegeladen-in-die-zukunft-danke","status":"publish","type":"post","link":"https:\/\/www.graesslin-kunststoffe.de\/energiegeladen-in-die-zukunft-danke\/","title":{"rendered":"Energiegeladen in die Zukunft \u2013 Danke!"},"content":{"rendered":"\n<div class=\"wp-block-group alignfull has-transparent-background-color has-background has-global-padding is-layout-constrained wp-container-core-group-is-layout-94cc6a08 wp-block-group-is-layout-constrained gs_lqnpDJ group_wrap\" style=\"margin-top:0;padding-top:0;padding-right:0;padding-left:0\"><div  class=\"gs_7aN524 alignwide\">\n<div class=\"wp-block-columns alignwide is-layout-flex wp-container-core-columns-is-layout-5016e1a0 wp-block-columns-is-layout-flex\">\n<div class=\"wp-block-column col-12 col-sm-12 col-md-7 col-lg-7 order-0 order-sm-0 order-md-0 order-lg-0 is-layout-flow wp-block-column-is-layout-flow\">\n<div class=\"wp-block-group has-global-padding is-content-justification-left is-layout-constrained wp-container-core-group-is-layout-0164f456 wp-block-group-is-layout-constrained gs_duVeE8 group_wrap\" style=\"padding-top:0;padding-bottom:0\">\n<p>Die Fakuma 2024 hat gezeigt: Die Kunststoffbranche kann eine wichtige Rolle in der Energiewende \u00fcbernehmen. Nachhaltige Kunststoffl\u00f6sungen und innovative Materialien sind unverzichtbar, wenn es um zukunftsweisende Technologien geht.<\/p>\n\n\n\n<p>Mit unserem Messemotto Energy Transition haben wir den Fokus klar auf diesen Wandel gelegt und viele spannende Gespr\u00e4che \u00fcber neue Projekte und Innovationen gef\u00fchrt. Gr\u00e4sslin bietet daf\u00fcr ein breites Portfolio an vielseitig nachhaltigen, biologisch abbaubaren und technischen Kunststoffen f\u00fcr eine klimafreundliche Zukunft.<\/p>\n\n\n\n<p>Auch nach der Fakuma gilt: Wir machen die Visionen unserer Kunden zu unserem Anspruch<\/p>\n\n\n\n<figure class=\"wp-block-embed is-type-video is-provider-youtube wp-block-embed-youtube wp-embed-aspect-16-9 wp-has-aspect-ratio\"><div class=\"wp-block-embed__wrapper\">\n <div class=\"brlbs-cmpnt-container brlbs-cmpnt-content-blocker brlbs-cmpnt-with-individual-styles\" data-borlabs-cookie-content-blocker-id=\"default\" data-borlabs-cookie-content=\"PGlmcmFtZSB0aXRsZT0iSHJvbWF0a2EgR3JvdXAgLSBGQUtVTUEgMjAyNCAtIEVORVJHWSBUUkFOU0lUSU9OIiB3aWR0aD0iNTAwIiBoZWlnaHQ9IjI4MSIgc3JjPSJodHRwczovL3d3dy55b3V0dWJlLmNvbS9lbWJlZC9xbGdGRGMtZ2p0cz9mZWF0dXJlPW9lbWJlZCIgZnJhbWVib3JkZXI9IjAiIGFsbG93PSJhY2NlbGVyb21ldGVyOyBhdXRvcGxheTsgY2xpcGJvYXJkLXdyaXRlOyBlbmNyeXB0ZWQtbWVkaWE7IGd5cm9zY29wZTsgcGljdHVyZS1pbi1waWN0dXJlOyB3ZWItc2hhcmUiIHJlZmVycmVycG9saWN5PSJzdHJpY3Qtb3JpZ2luLXdoZW4tY3Jvc3Mtb3JpZ2luIiBhbGxvd2Z1bGxzY3JlZW4+PC9pZnJhbWU+\"><div class=\"brlbs-cmpnt-cb-preset-a\"> <p class=\"brlbs-cmpnt-cb-description\">Sie sehen gerade einen Platzhalterinhalt von <strong>Standard<\/strong>. Um auf den eigentlichen Inhalt zuzugreifen, klicken Sie auf den Button unten. Bitte beachten Sie, dass dabei Daten an Drittanbieter weitergegeben werden.<\/p> <div class=\"brlbs-cmpnt-cb-buttons\"> <a class=\"brlbs-cmpnt-cb-btn\" href=\"#\" data-borlabs-cookie-unblock role=\"button\">Inhalt entsperren<\/a> <a class=\"brlbs-cmpnt-cb-btn\" href=\"#\" data-borlabs-cookie-accept-service role=\"button\" style=\"display: none\">Erforderlichen Service akzeptieren und Inhalte entsperren<\/a> <\/div> <a class=\"brlbs-cmpnt-cb-provider-toggle\" href=\"#\" data-borlabs-cookie-show-provider-information role=\"button\">Weitere Informationen<\/a> <\/div><\/div>\n<\/div><\/figure>\n\n\n\n<p>Danke an alle, die diese Messe so besonders gemacht haben! Und falls wir uns auf der Fakuma 2024 nicht treffen konnten, holen wir dies gerne nach \u2013 sprechen Sie uns an. Und notieren Sie sich gerne schon jetzt unseren n\u00e4chsten<\/p>\n\n\n\n<p>Gr\u00e4sslin Tech-Day am Donnerstag, 3. Juli 2025 in Villingen-Schwenningen<br>\u2013 SAVE THE DATE<\/p>\n<\/div>\n<\/div>\n\n\n\n<div class=\"wp-block-column col-12 col-sm-auto col-lg-auto order-2 order-sm-2 order-md-2 order-lg-2 is-layout-flow wp-block-column-is-layout-flow\">\n<figure class=\"wp-block-image size-full has-custom-border\"><img loading=\"lazy\" decoding=\"async\" width=\"1280\" height=\"720\" src=\"https:\/\/wpms.plastoplan.com\/graesslin\/wp-content\/uploads\/sites\/5\/2024\/10\/241029_GrK_Fakuma_2024.jpg\" alt=\"\" class=\"wp-image-6253\" style=\"border-radius:20px\" srcset=\"https:\/\/www.graesslin-kunststoffe.de\/wp-content\/uploads\/sites\/5\/2024\/10\/241029_GrK_Fakuma_2024.jpg 1280w, https:\/\/www.graesslin-kunststoffe.de\/wp-content\/uploads\/sites\/5\/2024\/10\/241029_GrK_Fakuma_2024-300x169.jpg 300w, https:\/\/www.graesslin-kunststoffe.de\/wp-content\/uploads\/sites\/5\/2024\/10\/241029_GrK_Fakuma_2024-1024x576.jpg 1024w, https:\/\/www.graesslin-kunststoffe.de\/wp-content\/uploads\/sites\/5\/2024\/10\/241029_GrK_Fakuma_2024-768x432.jpg 768w\" sizes=\"auto, (max-width: 1280px) 100vw, 1280px\" \/><\/figure>\n<\/div>\n<\/div>\n<\/div><\/div>\n","protected":false},"excerpt":{"rendered":"<p>Energiegeladen in die Zukunft \u2013 Danke!<br \/>\nDie Fakuma 2024 hat gezeigt: Die Kunststoffbranche kann eine wichtige Rolle in der Energiewende \u00fcbernehmen. Nachhaltige Kunststoffl\u00f6sungen und innovative Materialien sind unverzichtbar, wenn es um zukunftsweisende Technologien geht. Mit unserem [\u2026]<\/p>\n","protected":false},"author":3,"featured_media":6253,"comment_status":"closed","ping_status":"closed","sticky":false,"template":"","format":"standard","meta":{"greyd_block_editor_preview":[],"footnotes":""},"categories":[31],"tags":[],"class_list":["post-5466","post","type-post","status-publish","format-standard","has-post-thumbnail","hentry","category-news"],"featured_media_global":[],"_links":{"self":[{"href":"https:\/\/www.graesslin-kunststoffe.de\/wp-json\/wp\/v2\/posts\/5466","targetHints":{"allow":["GET"]}}],"collection":[{"href":"https:\/\/www.graesslin-kunststoffe.de\/wp-json\/wp\/v2\/posts"}],"about":[{"href":"https:\/\/www.graesslin-kunststoffe.de\/wp-json\/wp\/v2\/types\/post"}],"author":[{"embeddable":true,"href":"https:\/\/www.graesslin-kunststoffe.de\/wp-json\/wp\/v2\/users\/3"}],"replies":[{"embeddable":true,"href":"https:\/\/www.graesslin-kunststoffe.de\/wp-json\/wp\/v2\/comments?post=5466"}],"version-history":[{"count":1,"href":"https:\/\/www.graesslin-kunststoffe.de\/wp-json\/wp\/v2\/posts\/5466\/revisions"}],"predecessor-version":[{"id":6254,"href":"https:\/\/www.graesslin-kunststoffe.de\/wp-json\/wp\/v2\/posts\/5466\/revisions\/6254"}],"wp:featuredmedia":[{"embeddable":true,"href":"https:\/\/www.graesslin-kunststoffe.de\/wp-json\/wp\/v2\/media\/6253"}],"wp:attachment":[{"href":"https:\/\/www.graesslin-kunststoffe.de\/wp-json\/wp\/v2\/media?parent=5466"}],"wp:term":[{"taxonomy":"category","embeddable":true,"href":"https:\/\/www.graesslin-kunststoffe.de\/wp-json\/wp\/v2\/categories?post=5466"},{"taxonomy":"post_tag","embeddable":true,"href":"https:\/\/www.graesslin-kunststoffe.de\/wp-json\/wp\/v2\/tags?post=5466"}],"curies":[{"name":"wp","href":"https:\/\/api.w.org\/{rel}","templated":true}]}}