{"id":6816,"date":"2025-06-12T17:13:35","date_gmt":"2025-06-12T15:13:35","guid":{"rendered":"https:\/\/www.graesslin-kunststoffe.de\/?p=6816"},"modified":"2025-06-19T13:38:16","modified_gmt":"2025-06-19T11:38:16","slug":"25-jahre-leidenschaft-fuer-kunststoffe","status":"publish","type":"post","link":"https:\/\/www.graesslin-kunststoffe.de\/25-jahre-leidenschaft-fuer-kunststoffe\/","title":{"rendered":"25 Jahre Leidenschaft f\u00fcr Kunststoffe"},"content":{"rendered":"\n<p><strong>Gr\u00e4sslin Technologietag zum Jubil\u00e4um<\/strong><\/p>\n\n\n\n<figure class=\"wp-block-image size-large\"><img loading=\"lazy\" decoding=\"async\" width=\"1024\" height=\"817\" src=\"https:\/\/www.graesslin-kunststoffe.de\/wp-content\/uploads\/sites\/5\/2025\/06\/250318_Save_the_Date-1024x817.png\" alt=\"Gr\u00e4sslin 25 Jahre Jubil\u00e4um: Technologietag am 03.07.2025 mit Vortr\u00e4gen und Innovationen. Feier ab 18 Uhr.\" class=\"wp-image-6817\" srcset=\"https:\/\/www.graesslin-kunststoffe.de\/wp-content\/uploads\/sites\/5\/2025\/06\/250318_Save_the_Date-1024x817.png 1024w, https:\/\/www.graesslin-kunststoffe.de\/wp-content\/uploads\/sites\/5\/2025\/06\/250318_Save_the_Date-300x240.png 300w, https:\/\/www.graesslin-kunststoffe.de\/wp-content\/uploads\/sites\/5\/2025\/06\/250318_Save_the_Date-768x613.png 768w, https:\/\/www.graesslin-kunststoffe.de\/wp-content\/uploads\/sites\/5\/2025\/06\/250318_Save_the_Date.png 1200w\" sizes=\"auto, (max-width: 1024px) 100vw, 1024px\" \/><\/figure>\n\n\n\n<p>Wenn am 3. Juli 2025 der Gr\u00e4sslin Technologietag bei Gr\u00e4sslin S\u00fcd in Villingen-Schwenningen stattfindet, sind die meisten der erwarteten G\u00e4ste und Aussteller selbst bereits Teil der Gr\u00e4sslin-Historie. Als Distributor sind wir besonders stolz auf langj\u00e4hrige Partnerschaften mit hochkar\u00e4tigen Marken f\u00fchrender und innovativer Produzenten. Zum 25. Jubil\u00e4um steht dementsprechend noch mehr als sonst der Netzwerkgedanke im Mittelpunkt, mit dem sich Gr\u00e4sslin Kunststoffe seit einem Vierteljahrhundert erfolgreich in der Distribution von Kunststoffgranulaten und Compounds in den verschiedensten Industrien und Segmenten bew\u00e4hrt.<\/p>\n\n\n\n<p>Unter dem Motto \u201e25 Jahre Leidenschaft f\u00fcr Kunststoffe\u201c pr\u00e4sentieren wir unser breites Portfolio f\u00fcr richtungsweisende Kunststoffl\u00f6sungen und Anwendungen in allen Industrien. Die Einladungen sind verschickt, Kunden, Partner und Freunde \u2013 oder solche, die es noch werden wollen \u2013 k\u00f6nnen sich <a href=\"https:\/\/www.graesslin-kunststoffe.de\/anmeldung\/\" data-type=\"link\" data-id=\"https:\/\/www.graesslin-kunststoffe.de\/anmeldung\/\">hier anmelden<\/a>.<\/p>\n\n\n\n<p>Rund 40 nationale und internationale Rohstoffhersteller, Kunststoffverarbeiter, Systemlieferanten, OEMs und Peripherieger\u00e4tehersteller pr\u00e4sentieren Neuentwicklungen und innovative Kunststoffe f\u00fcr Produkte und Branchen der Zukunft. Dazu kommen sechs impulsgebende Vortr\u00e4ge \u00fcber richtungsweisende Kunststoffl\u00f6sungen aus zahlreichen Branchen vom Spritzgie\u00dfen der Zukunft \u00fcber Chancen beim Einsatz von bio-basierten Kunststoffen bis zum Compoundieren unter EU-Restriktionen.<\/p>\n\n\n\n<h2 class=\"wp-block-heading\"><strong>Vortr\u00e4ge Gr\u00e4sslin Technologie Tag 2023<\/strong><\/h2>\n\n\n\n<ul class=\"wp-block-list\">\n<li><strong>Dipl.-Ing. Marius Fedler<\/strong> | Kunststoff-Institut S\u00fcdwest: Spritzgie\u00dfen 2030: Was auf Spritzgie\u00dfer und Formenbauer zukommt<\/li>\n\n\n\n<li><strong>Patrick Wintermantel<\/strong> | Schneider Schreibger\u00e4te GmbH: #theschneiderway: Risiken und Chancen beim Einsatz von bio-basierten und recycelten Kunststoffen<\/li>\n\n\n\n<li><strong>Rudolf Reinhart<\/strong> | Color Service GmbH &amp; Co. KG: Black Box Master Batch: Aufbau eines Master Batches<\/li>\n\n\n\n<li><strong>Dr. Martina Lemmrich<\/strong> | SHPP Germany GmbH: Systematische Materialspezifikation im Wandel der Zeit<\/li>\n\n\n\n<li><strong>Prof. Dr.-Ing. Thomas Brinkmann<\/strong> | Fa. Impetus Plastics Engineering GmbH\/TH Rosenheim: Der richtige Umgang mit Schwindung und Verzug<\/li>\n\n\n\n<li><strong>Dipl.Ing. Florian Thallinger<\/strong> | SAX Polymers Industrie GmbH: Compoundieren im Tsunami der EU-Restriktionen<\/li>\n<\/ul>\n\n\n\n<p class=\"gs_S2XVrj\"><\/p>\n\n\n\n<p><\/p>\n\n\n\n<p><\/p>\n","protected":false},"excerpt":{"rendered":"<p>Gr\u00e4sslin Technologietag zum Jubil\u00e4um Wenn am 3. Juli 2025 der Gr\u00e4sslin Technologietag bei Gr\u00e4sslin S\u00fcd in Villingen-Schwenningen stattfindet, sind die meisten der erwarteten G\u00e4ste und Aussteller selbst bereits Teil der Gr\u00e4sslin-Historie. Als Distributor sind wir besonders stolz auf langj\u00e4hrige Partnerschaften mit hochkar\u00e4tigen Marken f\u00fchrender und innovativer Produzenten. Zum 25. Jubil\u00e4um steht dementsprechend noch mehr als [&hellip;]<\/p>\n","protected":false},"author":18,"featured_media":6820,"comment_status":"closed","ping_status":"closed","sticky":false,"template":"","format":"standard","meta":{"greyd_block_editor_preview":[],"footnotes":""},"categories":[1],"tags":[],"class_list":["post-6816","post","type-post","status-publish","format-standard","has-post-thumbnail","hentry","category-allgemein"],"featured_media_global":[],"_links":{"self":[{"href":"https:\/\/www.graesslin-kunststoffe.de\/wp-json\/wp\/v2\/posts\/6816","targetHints":{"allow":["GET"]}}],"collection":[{"href":"https:\/\/www.graesslin-kunststoffe.de\/wp-json\/wp\/v2\/posts"}],"about":[{"href":"https:\/\/www.graesslin-kunststoffe.de\/wp-json\/wp\/v2\/types\/post"}],"author":[{"embeddable":true,"href":"https:\/\/www.graesslin-kunststoffe.de\/wp-json\/wp\/v2\/users\/18"}],"replies":[{"embeddable":true,"href":"https:\/\/www.graesslin-kunststoffe.de\/wp-json\/wp\/v2\/comments?post=6816"}],"version-history":[{"count":7,"href":"https:\/\/www.graesslin-kunststoffe.de\/wp-json\/wp\/v2\/posts\/6816\/revisions"}],"predecessor-version":[{"id":6848,"href":"https:\/\/www.graesslin-kunststoffe.de\/wp-json\/wp\/v2\/posts\/6816\/revisions\/6848"}],"wp:featuredmedia":[{"embeddable":true,"href":"https:\/\/www.graesslin-kunststoffe.de\/wp-json\/wp\/v2\/media\/6820"}],"wp:attachment":[{"href":"https:\/\/www.graesslin-kunststoffe.de\/wp-json\/wp\/v2\/media?parent=6816"}],"wp:term":[{"taxonomy":"category","embeddable":true,"href":"https:\/\/www.graesslin-kunststoffe.de\/wp-json\/wp\/v2\/categories?post=6816"},{"taxonomy":"post_tag","embeddable":true,"href":"https:\/\/www.graesslin-kunststoffe.de\/wp-json\/wp\/v2\/tags?post=6816"}],"curies":[{"name":"wp","href":"https:\/\/api.w.org\/{rel}","templated":true}]}}