{"id":6936,"date":"2025-07-11T13:54:20","date_gmt":"2025-07-11T11:54:20","guid":{"rendered":"https:\/\/www.graesslin-kunststoffe.de\/?p=6936"},"modified":"2025-07-14T11:10:16","modified_gmt":"2025-07-14T09:10:16","slug":"das-war-unser-technologietag-2025","status":"publish","type":"post","link":"https:\/\/www.graesslin-kunststoffe.de\/das-war-unser-technologietag-2025\/","title":{"rendered":"Das war unser Technologietag 2025"},"content":{"rendered":"\n<div id=\"greyd-69afcfdd80b13\" class=\"wp-block-greyd-box alignwide greyd-content-box gs_hFIsbW\">\n<p class=\"has-text-align-left\">25 Jahre Leidenschaft f\u00fcr Kunststoffe! Unserem Technologietag in der vergangenen Woche stand unter einem besonderen Motto. Sch\u00f6n, dass Sie und Ihr dabei wart!<br>\u00a0<br>Mit insgesamt rund 250 Teilnehmerinnen und Teilnehmern haben wir zur\u00fcckgeblickt auf ein halbes Jahrhundert Kunststoffkompetenz mit vielen erfolgreichen Projekten und Produkten. Mehr als\u00a040 Aussteller aus unterschiedlichen Branchen haben zukunftsweisende Kunststoffe und L\u00f6sungen als Antwort auf die aktuellen Herausforderungen, Kunststoff-Highlights und spannende Ideen pr\u00e4sentiert. Und zum Abschluss haben wir alle gemeinsam angesto\u00dfen \u2013 auf noch viele gemeinsame Jahre und geteilte Leidenschaft f\u00fcr Kunststoffe. Danke.<\/p>\n\n\n\n<figure class=\"wp-block-embed is-type-video is-provider-youtube wp-block-embed-youtube wp-embed-aspect-16-9 wp-has-aspect-ratio\"><div class=\"wp-block-embed__wrapper\">\n <div class=\"brlbs-cmpnt-container brlbs-cmpnt-content-blocker brlbs-cmpnt-with-individual-styles\" data-borlabs-cookie-content-blocker-id=\"default\" data-borlabs-cookie-content=\"PGlmcmFtZSB0aXRsZT0iR3LDpHNzbGluIFPDnEQgfCBUZWNobm9sb2dpZS1UYWcgfCAwMy4wNy4yMDI1IiB3aWR0aD0iNTAwIiBoZWlnaHQ9IjI4MSIgc3JjPSJodHRwczovL3d3dy55b3V0dWJlLmNvbS9lbWJlZC9TTktlZWg2Q1JUaz9mZWF0dXJlPW9lbWJlZCIgZnJhbWVib3JkZXI9IjAiIGFsbG93PSJhY2NlbGVyb21ldGVyOyBhdXRvcGxheTsgY2xpcGJvYXJkLXdyaXRlOyBlbmNyeXB0ZWQtbWVkaWE7IGd5cm9zY29wZTsgcGljdHVyZS1pbi1waWN0dXJlOyB3ZWItc2hhcmUiIHJlZmVycmVycG9saWN5PSJzdHJpY3Qtb3JpZ2luLXdoZW4tY3Jvc3Mtb3JpZ2luIiBhbGxvd2Z1bGxzY3JlZW4+PC9pZnJhbWU+\"><div class=\"brlbs-cmpnt-cb-preset-a\"> <p class=\"brlbs-cmpnt-cb-description\">Sie sehen gerade einen Platzhalterinhalt von <strong>Standard<\/strong>. Um auf den eigentlichen Inhalt zuzugreifen, klicken Sie auf den Button unten. Bitte beachten Sie, dass dabei Daten an Drittanbieter weitergegeben werden.<\/p> <div class=\"brlbs-cmpnt-cb-buttons\"> <a class=\"brlbs-cmpnt-cb-btn\" href=\"#\" data-borlabs-cookie-unblock role=\"button\">Inhalt entsperren<\/a> <a class=\"brlbs-cmpnt-cb-btn\" href=\"#\" data-borlabs-cookie-accept-service role=\"button\" style=\"display: none\">Erforderlichen Service akzeptieren und Inhalte entsperren<\/a> <\/div> <a class=\"brlbs-cmpnt-cb-provider-toggle\" href=\"#\" data-borlabs-cookie-show-provider-information role=\"button\">Weitere Informationen<\/a> <\/div><\/div>\n<\/div><\/figure>\n\n\n\n<p class=\"has-text-align-left\"><br>Wir denken gerne an das Jubil\u00e4ums Kunststoff-Forum zur\u00fcck und wollen einige sch\u00f6ne Erinnerungen mit diesem kleinen Film mit Ihnen und Euch teilen.<br>\u00a0<br>Sollten noch Fragen unbeantwortet oder Kontaktw\u00fcnsche offengeblieben sein, einfach telefonisch oder per <span class=\"is-button link\" data-type=\"email\" data-params=\"{&quot;address&quot;:&quot;info@graesslin-kunststoffe.de&quot;,&quot;subject&quot;:&quot;info@graesslin-kunststoffe.de&quot;}\">E-Mail<\/span> melden.<br>\u00a0<br>PS: Auch im kommenden Jahr laden wir wieder ein. Am 10. September 2026 findet das 5.\u00a0Kirchlengerner Kunststoff-Forum,\u00a0an unserem Standort Nord in Kirchlengern\u00a0statt. Gr\u00e4sslin verbindet \u2013\u00a0gerne schon einmal vormerken.\u00a0<\/p>\n<\/div>\n\n\n\n<figure class=\"wp-block-gallery has-nested-images columns-default is-cropped wp-block-gallery-1 is-layout-flex wp-block-gallery-is-layout-flex\">\n<figure class=\"wp-block-image size-large\"><img loading=\"lazy\" decoding=\"async\" width=\"1024\" height=\"683\" data-id=\"6952\" src=\"https:\/\/www.graesslin-kunststoffe.de\/wp-content\/uploads\/sites\/5\/2025\/07\/2025-graesslin_sued-techday-1-1024x683.jpg\" alt=\"Industriegeb\u00e4ude mit LKWs und Parkpl\u00e4tzen aus der Luftperspektive in gr\u00fcner Landschaft.\" class=\"wp-image-6952\" srcset=\"https:\/\/www.graesslin-kunststoffe.de\/wp-content\/uploads\/sites\/5\/2025\/07\/2025-graesslin_sued-techday-1-1024x683.jpg 1024w, https:\/\/www.graesslin-kunststoffe.de\/wp-content\/uploads\/sites\/5\/2025\/07\/2025-graesslin_sued-techday-1-300x200.jpg 300w, https:\/\/www.graesslin-kunststoffe.de\/wp-content\/uploads\/sites\/5\/2025\/07\/2025-graesslin_sued-techday-1-768x512.jpg 768w, https:\/\/www.graesslin-kunststoffe.de\/wp-content\/uploads\/sites\/5\/2025\/07\/2025-graesslin_sued-techday-1.jpg 1200w\" sizes=\"auto, (max-width: 1024px) 100vw, 1024px\" \/><\/figure>\n\n\n\n<figure class=\"wp-block-image size-large\"><img loading=\"lazy\" decoding=\"async\" width=\"1024\" height=\"683\" data-id=\"6953\" src=\"https:\/\/www.graesslin-kunststoffe.de\/wp-content\/uploads\/sites\/5\/2025\/07\/2025-graesslin_sued-techday-7-1024x683.jpg\" alt=\"Konferenz in Lagerhalle: Menschen in Diskussionen, Infost\u00e4nde, Networking, lebendige Atmosph\u00e4re.\" class=\"wp-image-6953\" srcset=\"https:\/\/www.graesslin-kunststoffe.de\/wp-content\/uploads\/sites\/5\/2025\/07\/2025-graesslin_sued-techday-7-1024x683.jpg 1024w, https:\/\/www.graesslin-kunststoffe.de\/wp-content\/uploads\/sites\/5\/2025\/07\/2025-graesslin_sued-techday-7-300x200.jpg 300w, https:\/\/www.graesslin-kunststoffe.de\/wp-content\/uploads\/sites\/5\/2025\/07\/2025-graesslin_sued-techday-7-768x512.jpg 768w, https:\/\/www.graesslin-kunststoffe.de\/wp-content\/uploads\/sites\/5\/2025\/07\/2025-graesslin_sued-techday-7.jpg 1200w\" sizes=\"auto, (max-width: 1024px) 100vw, 1024px\" \/><\/figure>\n\n\n\n<figure class=\"wp-block-image size-large\"><img loading=\"lazy\" decoding=\"async\" width=\"1024\" height=\"683\" data-id=\"6949\" src=\"https:\/\/www.graesslin-kunststoffe.de\/wp-content\/uploads\/sites\/5\/2025\/07\/2025-graesslin_sued-techday-9-1024x683.jpg\" alt=\"Gesch\u00e4ftsleute im Gespr\u00e4ch auf einer Messe, Evonik-Stand im Hintergrund. Networking und Business-Event.\" class=\"wp-image-6949\" srcset=\"https:\/\/www.graesslin-kunststoffe.de\/wp-content\/uploads\/sites\/5\/2025\/07\/2025-graesslin_sued-techday-9-1024x683.jpg 1024w, https:\/\/www.graesslin-kunststoffe.de\/wp-content\/uploads\/sites\/5\/2025\/07\/2025-graesslin_sued-techday-9-300x200.jpg 300w, https:\/\/www.graesslin-kunststoffe.de\/wp-content\/uploads\/sites\/5\/2025\/07\/2025-graesslin_sued-techday-9-768x512.jpg 768w, https:\/\/www.graesslin-kunststoffe.de\/wp-content\/uploads\/sites\/5\/2025\/07\/2025-graesslin_sued-techday-9.jpg 1200w\" sizes=\"auto, (max-width: 1024px) 100vw, 1024px\" \/><\/figure>\n\n\n\n<figure class=\"wp-block-image size-large\"><img loading=\"lazy\" decoding=\"async\" width=\"1024\" height=\"683\" data-id=\"6948\" src=\"https:\/\/www.graesslin-kunststoffe.de\/wp-content\/uploads\/sites\/5\/2025\/07\/2025-graesslin_sued-techday-18-1024x683.jpg\" alt=\"Mitarbeiter in orangefarbenen Hemden unterhalten sich bei einer Networking-Veranstaltung in einem modernen Lager.\" class=\"wp-image-6948\" srcset=\"https:\/\/www.graesslin-kunststoffe.de\/wp-content\/uploads\/sites\/5\/2025\/07\/2025-graesslin_sued-techday-18-1024x683.jpg 1024w, https:\/\/www.graesslin-kunststoffe.de\/wp-content\/uploads\/sites\/5\/2025\/07\/2025-graesslin_sued-techday-18-300x200.jpg 300w, https:\/\/www.graesslin-kunststoffe.de\/wp-content\/uploads\/sites\/5\/2025\/07\/2025-graesslin_sued-techday-18-768x512.jpg 768w, https:\/\/www.graesslin-kunststoffe.de\/wp-content\/uploads\/sites\/5\/2025\/07\/2025-graesslin_sued-techday-18.jpg 1200w\" sizes=\"auto, (max-width: 1024px) 100vw, 1024px\" \/><\/figure>\n\n\n\n<figure class=\"wp-block-image size-large\"><img loading=\"lazy\" decoding=\"async\" width=\"1024\" height=\"683\" data-id=\"6950\" src=\"https:\/\/www.graesslin-kunststoffe.de\/wp-content\/uploads\/sites\/5\/2025\/07\/2025-graesslin_sued-techday-20-1024x683.jpg\" alt=\"Publikum h\u00f6rt Vortrag bei Konferenz in Industriehalle, orangefarbener Boden, gef\u00fcllte Regale im Hintergrund.\" class=\"wp-image-6950\" srcset=\"https:\/\/www.graesslin-kunststoffe.de\/wp-content\/uploads\/sites\/5\/2025\/07\/2025-graesslin_sued-techday-20-1024x683.jpg 1024w, https:\/\/www.graesslin-kunststoffe.de\/wp-content\/uploads\/sites\/5\/2025\/07\/2025-graesslin_sued-techday-20-300x200.jpg 300w, https:\/\/www.graesslin-kunststoffe.de\/wp-content\/uploads\/sites\/5\/2025\/07\/2025-graesslin_sued-techday-20-768x512.jpg 768w, https:\/\/www.graesslin-kunststoffe.de\/wp-content\/uploads\/sites\/5\/2025\/07\/2025-graesslin_sued-techday-20.jpg 1200w\" sizes=\"auto, (max-width: 1024px) 100vw, 1024px\" \/><\/figure>\n\n\n\n<figure class=\"wp-block-image size-large\"><img loading=\"lazy\" decoding=\"async\" width=\"1024\" height=\"683\" data-id=\"6951\" src=\"https:\/\/www.graesslin-kunststoffe.de\/wp-content\/uploads\/sites\/5\/2025\/07\/2025-graesslin_sued-techday-24-1024x683.jpg\" alt=\"Konferenz in einem Lagerhaus mit Pr\u00e4sentation, Teilnehmer auf orangefarbenem Boden sitzen und zuh\u00f6ren.\" class=\"wp-image-6951\" srcset=\"https:\/\/www.graesslin-kunststoffe.de\/wp-content\/uploads\/sites\/5\/2025\/07\/2025-graesslin_sued-techday-24-1024x683.jpg 1024w, https:\/\/www.graesslin-kunststoffe.de\/wp-content\/uploads\/sites\/5\/2025\/07\/2025-graesslin_sued-techday-24-300x200.jpg 300w, https:\/\/www.graesslin-kunststoffe.de\/wp-content\/uploads\/sites\/5\/2025\/07\/2025-graesslin_sued-techday-24-768x512.jpg 768w, https:\/\/www.graesslin-kunststoffe.de\/wp-content\/uploads\/sites\/5\/2025\/07\/2025-graesslin_sued-techday-24.jpg 1200w\" sizes=\"auto, (max-width: 1024px) 100vw, 1024px\" \/><\/figure>\n\n\n\n<figure class=\"wp-block-image size-large\"><img loading=\"lazy\" decoding=\"async\" width=\"1024\" height=\"683\" data-id=\"6957\" src=\"https:\/\/www.graesslin-kunststoffe.de\/wp-content\/uploads\/sites\/5\/2025\/07\/2025-graesslin_sued-techday-37-1024x683.jpg\" alt=\"Fotowand mit Erinnerungsbildern zur Feier von 25 Jahren Gr\u00e4sslin in einem Lagerhaus, mit dekorativer Aufh\u00e4ngung.\" class=\"wp-image-6957\" srcset=\"https:\/\/www.graesslin-kunststoffe.de\/wp-content\/uploads\/sites\/5\/2025\/07\/2025-graesslin_sued-techday-37-1024x683.jpg 1024w, https:\/\/www.graesslin-kunststoffe.de\/wp-content\/uploads\/sites\/5\/2025\/07\/2025-graesslin_sued-techday-37-300x200.jpg 300w, https:\/\/www.graesslin-kunststoffe.de\/wp-content\/uploads\/sites\/5\/2025\/07\/2025-graesslin_sued-techday-37-768x512.jpg 768w, https:\/\/www.graesslin-kunststoffe.de\/wp-content\/uploads\/sites\/5\/2025\/07\/2025-graesslin_sued-techday-37.jpg 1200w\" sizes=\"auto, (max-width: 1024px) 100vw, 1024px\" \/><\/figure>\n\n\n\n<figure class=\"wp-block-image size-large\"><img loading=\"lazy\" decoding=\"async\" width=\"1024\" height=\"683\" data-id=\"6958\" src=\"https:\/\/www.graesslin-kunststoffe.de\/wp-content\/uploads\/sites\/5\/2025\/07\/2025-graesslin_sued-techday-51-1024x683.jpg\" alt=\"Menschen auf Networking-Event in Lagerhalle mit Infost\u00e4nden und Gespr\u00e4chen, Banner von Evonik und anderen Marken sichtbar.\" class=\"wp-image-6958\" srcset=\"https:\/\/www.graesslin-kunststoffe.de\/wp-content\/uploads\/sites\/5\/2025\/07\/2025-graesslin_sued-techday-51-1024x683.jpg 1024w, https:\/\/www.graesslin-kunststoffe.de\/wp-content\/uploads\/sites\/5\/2025\/07\/2025-graesslin_sued-techday-51-300x200.jpg 300w, https:\/\/www.graesslin-kunststoffe.de\/wp-content\/uploads\/sites\/5\/2025\/07\/2025-graesslin_sued-techday-51-768x512.jpg 768w, https:\/\/www.graesslin-kunststoffe.de\/wp-content\/uploads\/sites\/5\/2025\/07\/2025-graesslin_sued-techday-51.jpg 1200w\" sizes=\"auto, (max-width: 1024px) 100vw, 1024px\" \/><\/figure>\n\n\n\n<figure class=\"wp-block-image size-large\"><img loading=\"lazy\" decoding=\"async\" width=\"1024\" height=\"683\" data-id=\"6959\" src=\"https:\/\/www.graesslin-kunststoffe.de\/wp-content\/uploads\/sites\/5\/2025\/07\/2025-graesslin_sued-techday-71-1024x683.jpg\" alt=\"Menschen bei einem Firmenevent im Freien, Gespr\u00e4che an Biertischen unter F\u00fcrstenberg-Sonnenschirmen.\" class=\"wp-image-6959\" srcset=\"https:\/\/www.graesslin-kunststoffe.de\/wp-content\/uploads\/sites\/5\/2025\/07\/2025-graesslin_sued-techday-71-1024x683.jpg 1024w, https:\/\/www.graesslin-kunststoffe.de\/wp-content\/uploads\/sites\/5\/2025\/07\/2025-graesslin_sued-techday-71-300x200.jpg 300w, https:\/\/www.graesslin-kunststoffe.de\/wp-content\/uploads\/sites\/5\/2025\/07\/2025-graesslin_sued-techday-71-768x512.jpg 768w, https:\/\/www.graesslin-kunststoffe.de\/wp-content\/uploads\/sites\/5\/2025\/07\/2025-graesslin_sued-techday-71.jpg 1200w\" sizes=\"auto, (max-width: 1024px) 100vw, 1024px\" \/><\/figure>\n\n\n\n<figure class=\"wp-block-image size-large\"><img loading=\"lazy\" decoding=\"async\" width=\"1024\" height=\"683\" data-id=\"6954\" src=\"https:\/\/www.graesslin-kunststoffe.de\/wp-content\/uploads\/sites\/5\/2025\/07\/2025-graesslin_sued-techday-76-1024x683.jpg\" alt=\"Messehalle mit gesch\u00e4ftigen St\u00e4nden und Menschen im Gespr\u00e4ch, Networking auf einer Konferenz oder Ausstellung.\" class=\"wp-image-6954\" srcset=\"https:\/\/www.graesslin-kunststoffe.de\/wp-content\/uploads\/sites\/5\/2025\/07\/2025-graesslin_sued-techday-76-1024x683.jpg 1024w, https:\/\/www.graesslin-kunststoffe.de\/wp-content\/uploads\/sites\/5\/2025\/07\/2025-graesslin_sued-techday-76-300x200.jpg 300w, https:\/\/www.graesslin-kunststoffe.de\/wp-content\/uploads\/sites\/5\/2025\/07\/2025-graesslin_sued-techday-76-768x512.jpg 768w, https:\/\/www.graesslin-kunststoffe.de\/wp-content\/uploads\/sites\/5\/2025\/07\/2025-graesslin_sued-techday-76.jpg 1200w\" sizes=\"auto, (max-width: 1024px) 100vw, 1024px\" \/><\/figure>\n\n\n\n<figure class=\"wp-block-image size-large\"><img loading=\"lazy\" decoding=\"async\" width=\"1024\" height=\"683\" data-id=\"6955\" src=\"https:\/\/www.graesslin-kunststoffe.de\/wp-content\/uploads\/sites\/5\/2025\/07\/2025-graesslin_sued-techday-80-1024x683.jpg\" alt=\"Menschen lernen an einer Kunststoffmaschine in einem industriellen Workshop.\" class=\"wp-image-6955\" srcset=\"https:\/\/www.graesslin-kunststoffe.de\/wp-content\/uploads\/sites\/5\/2025\/07\/2025-graesslin_sued-techday-80-1024x683.jpg 1024w, https:\/\/www.graesslin-kunststoffe.de\/wp-content\/uploads\/sites\/5\/2025\/07\/2025-graesslin_sued-techday-80-300x200.jpg 300w, https:\/\/www.graesslin-kunststoffe.de\/wp-content\/uploads\/sites\/5\/2025\/07\/2025-graesslin_sued-techday-80-768x512.jpg 768w, https:\/\/www.graesslin-kunststoffe.de\/wp-content\/uploads\/sites\/5\/2025\/07\/2025-graesslin_sued-techday-80.jpg 1200w\" sizes=\"auto, (max-width: 1024px) 100vw, 1024px\" \/><\/figure>\n\n\n\n<figure class=\"wp-block-image size-large\"><img loading=\"lazy\" decoding=\"async\" width=\"1024\" height=\"683\" data-id=\"6956\" src=\"https:\/\/www.graesslin-kunststoffe.de\/wp-content\/uploads\/sites\/5\/2025\/07\/2025-graesslin_sued-techday-98-1024x683.jpg\" alt=\"Mitarbeiterfest bei Gr\u00e4sslin Kunststoffe mit G\u00e4sten unter blauen Sonnenschirmen und lebhafter Atmosph\u00e4re.\" class=\"wp-image-6956\" srcset=\"https:\/\/www.graesslin-kunststoffe.de\/wp-content\/uploads\/sites\/5\/2025\/07\/2025-graesslin_sued-techday-98-1024x683.jpg 1024w, https:\/\/www.graesslin-kunststoffe.de\/wp-content\/uploads\/sites\/5\/2025\/07\/2025-graesslin_sued-techday-98-300x200.jpg 300w, https:\/\/www.graesslin-kunststoffe.de\/wp-content\/uploads\/sites\/5\/2025\/07\/2025-graesslin_sued-techday-98-768x512.jpg 768w, https:\/\/www.graesslin-kunststoffe.de\/wp-content\/uploads\/sites\/5\/2025\/07\/2025-graesslin_sued-techday-98.jpg 1200w\" sizes=\"auto, (max-width: 1024px) 100vw, 1024px\" \/><\/figure>\n\n\n\n<figure class=\"wp-block-image size-large\"><img loading=\"lazy\" decoding=\"async\" width=\"1024\" height=\"683\" data-id=\"6960\" src=\"https:\/\/www.graesslin-kunststoffe.de\/wp-content\/uploads\/sites\/5\/2025\/07\/2025-graesslin_sued-techday-99-1024x683.jpg\" alt=\"Draufsicht auf ein Outdoor-Event mit blauen Sonnenschirmen und Besuchern an Tischen auf einem Parkplatz.\" class=\"wp-image-6960\" srcset=\"https:\/\/www.graesslin-kunststoffe.de\/wp-content\/uploads\/sites\/5\/2025\/07\/2025-graesslin_sued-techday-99-1024x683.jpg 1024w, https:\/\/www.graesslin-kunststoffe.de\/wp-content\/uploads\/sites\/5\/2025\/07\/2025-graesslin_sued-techday-99-300x200.jpg 300w, https:\/\/www.graesslin-kunststoffe.de\/wp-content\/uploads\/sites\/5\/2025\/07\/2025-graesslin_sued-techday-99-768x512.jpg 768w, https:\/\/www.graesslin-kunststoffe.de\/wp-content\/uploads\/sites\/5\/2025\/07\/2025-graesslin_sued-techday-99.jpg 1200w\" sizes=\"auto, (max-width: 1024px) 100vw, 1024px\" \/><\/figure>\n\n\n\n<figure class=\"wp-block-image size-large\"><img loading=\"lazy\" decoding=\"async\" width=\"1024\" height=\"683\" data-id=\"6961\" src=\"https:\/\/www.graesslin-kunststoffe.de\/wp-content\/uploads\/sites\/5\/2025\/07\/2025-graesslin_sued-techday-102-1024x683.jpg\" alt=\"Menschen genie\u00dfen ein Outdoor-Event mit Getr\u00e4nkestand und Gespr\u00e4chsgruppen, entspannte Networking-Atmosph\u00e4re.\" class=\"wp-image-6961\" srcset=\"https:\/\/www.graesslin-kunststoffe.de\/wp-content\/uploads\/sites\/5\/2025\/07\/2025-graesslin_sued-techday-102-1024x683.jpg 1024w, https:\/\/www.graesslin-kunststoffe.de\/wp-content\/uploads\/sites\/5\/2025\/07\/2025-graesslin_sued-techday-102-300x200.jpg 300w, https:\/\/www.graesslin-kunststoffe.de\/wp-content\/uploads\/sites\/5\/2025\/07\/2025-graesslin_sued-techday-102-768x512.jpg 768w, https:\/\/www.graesslin-kunststoffe.de\/wp-content\/uploads\/sites\/5\/2025\/07\/2025-graesslin_sued-techday-102.jpg 1200w\" sizes=\"auto, (max-width: 1024px) 100vw, 1024px\" \/><\/figure>\n<\/figure>\n","protected":false},"excerpt":{"rendered":"<p>25 Jahre Leidenschaft f\u00fcr Kunststoffe! Unserem Technologietag in der vergangenen Woche stand unter einem besonderen Motto. Sch\u00f6n, dass Sie und Ihr dabei wart!<\/p>\n","protected":false},"author":17,"featured_media":6956,"comment_status":"closed","ping_status":"closed","sticky":false,"template":"","format":"standard","meta":{"greyd_block_editor_preview":[],"footnotes":""},"categories":[1],"tags":[],"class_list":["post-6936","post","type-post","status-publish","format-standard","has-post-thumbnail","hentry","category-allgemein"],"featured_media_global":[],"_links":{"self":[{"href":"https:\/\/www.graesslin-kunststoffe.de\/wp-json\/wp\/v2\/posts\/6936","targetHints":{"allow":["GET"]}}],"collection":[{"href":"https:\/\/www.graesslin-kunststoffe.de\/wp-json\/wp\/v2\/posts"}],"about":[{"href":"https:\/\/www.graesslin-kunststoffe.de\/wp-json\/wp\/v2\/types\/post"}],"author":[{"embeddable":true,"href":"https:\/\/www.graesslin-kunststoffe.de\/wp-json\/wp\/v2\/users\/17"}],"replies":[{"embeddable":true,"href":"https:\/\/www.graesslin-kunststoffe.de\/wp-json\/wp\/v2\/comments?post=6936"}],"version-history":[{"count":12,"href":"https:\/\/www.graesslin-kunststoffe.de\/wp-json\/wp\/v2\/posts\/6936\/revisions"}],"predecessor-version":[{"id":6978,"href":"https:\/\/www.graesslin-kunststoffe.de\/wp-json\/wp\/v2\/posts\/6936\/revisions\/6978"}],"wp:featuredmedia":[{"embeddable":true,"href":"https:\/\/www.graesslin-kunststoffe.de\/wp-json\/wp\/v2\/media\/6956"}],"wp:attachment":[{"href":"https:\/\/www.graesslin-kunststoffe.de\/wp-json\/wp\/v2\/media?parent=6936"}],"wp:term":[{"taxonomy":"category","embeddable":true,"href":"https:\/\/www.graesslin-kunststoffe.de\/wp-json\/wp\/v2\/categories?post=6936"},{"taxonomy":"post_tag","embeddable":true,"href":"https:\/\/www.graesslin-kunststoffe.de\/wp-json\/wp\/v2\/tags?post=6936"}],"curies":[{"name":"wp","href":"https:\/\/api.w.org\/{rel}","templated":true}]}}