{"id":7259,"date":"2026-01-13T15:00:51","date_gmt":"2026-01-13T14:00:51","guid":{"rendered":"https:\/\/www.graesslin-kunststoffe.de\/?p=7259"},"modified":"2026-01-13T15:01:14","modified_gmt":"2026-01-13T14:01:14","slug":"das-medical-team-der-hromatka-gruppe-gemeinsam-auf-der-pharmapack-paris","status":"publish","type":"post","link":"https:\/\/www.graesslin-kunststoffe.de\/das-medical-team-der-hromatka-gruppe-gemeinsam-auf-der-pharmapack-paris\/","title":{"rendered":"Das Medical Team der Hromatka Gruppe gemeinsam auf der Pharmapack Paris"},"content":{"rendered":"\n<div class=\"wp-block-group alignfull has-transparent-background-color has-background has-global-padding is-layout-constrained wp-container-core-group-is-layout-94cc6a08 wp-block-group-is-layout-constrained gs_Fi4nx7 group_wrap\" style=\"margin-top:0;padding-top:0;padding-right:0;padding-left:0\"><div  class=\"gs_ixk7iY alignwide\">\n<div class=\"wp-block-columns alignwide is-layout-flex wp-container-core-columns-is-layout-5016e1a0 wp-block-columns-is-layout-flex\">\n<div class=\"wp-block-column col-12 col-sm-12 col-md-7 col-lg-7 order-0 order-sm-0 order-md-0 order-lg-0 is-layout-flow wp-block-column-is-layout-flow\">\n<div class=\"wp-block-group has-global-padding is-content-justification-left is-layout-constrained wp-container-core-group-is-layout-0164f456 wp-block-group-is-layout-constrained gs_xdYpkZ group_wrap\" style=\"padding-top:0;padding-bottom:0\">\n<p><strong><strong>Geb\u00fcndelte Kompetenz f\u00fcr hochwertige Kunststoffl\u00f6sungen in der Pharma- und Healthcare-Industrie \u2013 besuchen Sie uns in Halle 4\/Stand F45<\/strong><\/strong><\/p>\n\n\n\n<p>Ein starkes Team f\u00fcr h\u00f6chste Anforderungen an Qualit\u00e4t, Pr\u00e4zision und regulatorische Konformit\u00e4t im Bereich Pharma- und Healthcare. Auf der Pharmapack in Paris (Halle 4 \/ Stand 45) pr\u00e4sentiert das Medical Team der Hromatka Gruppe am 21. \/ 22. Januar 2026 ihre geb\u00fcndelte Kompetenz in der Entwicklung und Herstellung hochwertiger Werkstoffe und innovativer Kunststoffl\u00f6sungen und f\u00fcr medizinische Ger\u00e4te, Diagnosetechnik und sterile Verpackungen pharmazeutischer Produkte.<\/p>\n\n\n\n<p>Kunden, Fachbesucher und Branchenexperten k\u00f6nnen das vielf\u00e4ltige Leistungsportfolio f\u00fcr die Pharma- und Medizintechnik erleben \u2013 von Materialauswahl \u00fcber Verarbeitung bis hin zu ma\u00dfgeschneiderten Kunststoffl\u00f6sungen f\u00fcr spezielle Kundenanforderungen an ganzheitliche, zukunftsf\u00e4hige und zuverl\u00e4ssige pharmazeutische Verpackungen und Komponenten in der Medizintechnik.<\/p>\n\n\n\n<p>Die Pharmapack Messe in Paris gilt als eine der f\u00fchrenden internationalen Fachmessen f\u00fcr Pharma- und Verpackungsl\u00f6sungen und bietet eine ideale Plattform f\u00fcr den fachlichen Austausch mit Kunden, Partnern und Branchenexperten.<\/p>\n<\/div>\n<\/div>\n\n\n\n<div class=\"wp-block-column col-12 col-sm-auto col-lg-auto order-2 order-sm-2 order-md-2 order-lg-2 is-layout-flow wp-block-column-is-layout-flow\">\n<figure class=\"wp-block-image size-full has-custom-border\"><img loading=\"lazy\" decoding=\"async\" width=\"1920\" height=\"1080\" src=\"https:\/\/www.graesslin-kunststoffe.de\/wp-content\/uploads\/sites\/5\/2026\/01\/260113_GrK_SoMe_Pharmapack.jpg\" alt=\"\" class=\"wp-image-7260\" style=\"border-radius:20px\" srcset=\"https:\/\/www.graesslin-kunststoffe.de\/wp-content\/uploads\/sites\/5\/2026\/01\/260113_GrK_SoMe_Pharmapack.jpg 1920w, https:\/\/www.graesslin-kunststoffe.de\/wp-content\/uploads\/sites\/5\/2026\/01\/260113_GrK_SoMe_Pharmapack-300x169.jpg 300w, https:\/\/www.graesslin-kunststoffe.de\/wp-content\/uploads\/sites\/5\/2026\/01\/260113_GrK_SoMe_Pharmapack-1024x576.jpg 1024w, https:\/\/www.graesslin-kunststoffe.de\/wp-content\/uploads\/sites\/5\/2026\/01\/260113_GrK_SoMe_Pharmapack-768x432.jpg 768w, https:\/\/www.graesslin-kunststoffe.de\/wp-content\/uploads\/sites\/5\/2026\/01\/260113_GrK_SoMe_Pharmapack-1536x864.jpg 1536w\" sizes=\"auto, (max-width: 1920px) 100vw, 1920px\" \/><\/figure>\n\n\n\n<p><\/p>\n<\/div>\n<\/div>\n<\/div><\/div>\n","protected":false},"excerpt":{"rendered":"<p>Geb\u00fcndelte Kompetenz f\u00fcr hochwertige Kunststoffl\u00f6sungen in der Pharma- und Healthcare-Industrie \u2013 besuchen Sie uns in Halle 4\/Stand F45 Ein starkes Team f\u00fcr h\u00f6chste Anforderungen an Qualit\u00e4t, Pr\u00e4zision und regulatorische Konformit\u00e4t im Bereich Pharma- und Healthcare. Auf der Pharmapack in Paris (Halle 4 \/ Stand 45) pr\u00e4sentiert das Medical Team der Hromatka Gruppe am 21. \/ [&hellip;]<\/p>\n","protected":false},"author":17,"featured_media":7260,"comment_status":"closed","ping_status":"closed","sticky":false,"template":"","format":"standard","meta":{"greyd_block_editor_preview":[],"footnotes":""},"categories":[1],"tags":[],"class_list":["post-7259","post","type-post","status-publish","format-standard","has-post-thumbnail","hentry","category-allgemein"],"featured_media_global":[],"_links":{"self":[{"href":"https:\/\/www.graesslin-kunststoffe.de\/wp-json\/wp\/v2\/posts\/7259","targetHints":{"allow":["GET"]}}],"collection":[{"href":"https:\/\/www.graesslin-kunststoffe.de\/wp-json\/wp\/v2\/posts"}],"about":[{"href":"https:\/\/www.graesslin-kunststoffe.de\/wp-json\/wp\/v2\/types\/post"}],"author":[{"embeddable":true,"href":"https:\/\/www.graesslin-kunststoffe.de\/wp-json\/wp\/v2\/users\/17"}],"replies":[{"embeddable":true,"href":"https:\/\/www.graesslin-kunststoffe.de\/wp-json\/wp\/v2\/comments?post=7259"}],"version-history":[{"count":1,"href":"https:\/\/www.graesslin-kunststoffe.de\/wp-json\/wp\/v2\/posts\/7259\/revisions"}],"predecessor-version":[{"id":7261,"href":"https:\/\/www.graesslin-kunststoffe.de\/wp-json\/wp\/v2\/posts\/7259\/revisions\/7261"}],"wp:featuredmedia":[{"embeddable":true,"href":"https:\/\/www.graesslin-kunststoffe.de\/wp-json\/wp\/v2\/media\/7260"}],"wp:attachment":[{"href":"https:\/\/www.graesslin-kunststoffe.de\/wp-json\/wp\/v2\/media?parent=7259"}],"wp:term":[{"taxonomy":"category","embeddable":true,"href":"https:\/\/www.graesslin-kunststoffe.de\/wp-json\/wp\/v2\/categories?post=7259"},{"taxonomy":"post_tag","embeddable":true,"href":"https:\/\/www.graesslin-kunststoffe.de\/wp-json\/wp\/v2\/tags?post=7259"}],"curies":[{"name":"wp","href":"https:\/\/api.w.org\/{rel}","templated":true}]}}